{"id":21947,"date":"2010-07-21T22:09:28","date_gmt":"2010-07-21T20:09:28","guid":{"rendered":"http:\/\/veikot.kaustinen.fi\/2010\/07\/21\/kp-vn-nuoret-ennatystahdissa-kalajoella\/"},"modified":"2010-07-21T22:09:28","modified_gmt":"2010-07-21T20:09:28","slug":"kp-vn-nuoret-ennatystahdissa-kalajoella","status":"publish","type":"post","link":"http:\/\/veikot2.kaustinen.fi\/?p=21947","title":{"rendered":"KP-V:n nuoret enn\u00e4tystahdissa Kalajoella"},"content":{"rendered":"<p>Kaustisen nuoret olivat hyv\u00e4ss\u00e4 vedossa t\u00e4n\u00e4\u00e4n Kalajoella alkaneissa 9-11 vuotisten piirihuipentumassa.  Ensimm\u00e4isen p\u00e4iv\u00e4n menestynein urheilija oli 9-vuotias Julia Kivinen, jonka kuulamestaruus tuli tuloksella 5,62. Korkeudesta tuli toinen kulta, hyv\u00e4ll\u00e4 tekniikalla saavutettu tulos 1,05 oli my\u00f6s oma enn\u00e4tys. <br \/>Elli Myllym\u00e4ki yll\u00e4tti 9-vuotisten 40m:ll\u00e4. Vasta  nelj\u00e4nneksi  parhaalla ajalla finaaliin selviytynyt kaustislainen nappasi finaalista hopeaa omalla hienolla enn\u00e4tyksell\u00e4\u00e4n 6,97. Matkan voiton vei K\u00e4lvi\u00e4n Kiia Koivuranta ajalla 6,81. Kuulassa Elli oli viides.<br \/>P\u00e4iv\u00e4n ainoaan lajiinsa kuulaan osallistuneen Felix Paavolan uusi enn\u00e4tys 6,12 nosti pojan 10-vuotisten kisassa hopeakorokkeelle.  Voitto matkasi Himangalle, Kristian Hakalan voittoty\u00f6nn\u00f6ksi mitattiin 7,13.<br \/><a href=\"http:\/\/www.flickr.com\/photos\/52190182@N03\/4816207734\/\" title=\"004 by Matti Peltoniemi1, on Flickr\"><img loading=\"lazy\" decoding=\"async\" src=\"http:\/\/farm5.static.flickr.com\/4123\/4816207734_9d66ef4002.jpg\" width=\"500\" height=\"375\" alt=\"004\" \/><\/a><br \/>P10 kuulan palkitut: Felix Paavola, Kristian Hakala ja Aleksi Jurvelin<\/p>\n<p>Eemil Ali-Haapala oli pirte\u00e4ss\u00e4 juoksuvireess\u00e4. 60m enn\u00e4tys parani kahteen kertaan. Alkuer\u00e4st\u00e4 jatkoon ajalla 9,35 ja finaalissa viel\u00e4 reipas parannus aikaan 9,17 toi P11 sarjan nelj\u00e4nnen tilan. Voittoon juoksi K\u00e4lvi\u00e4n Konsta Alatupa ajalla 8,87.<\/p>\n","protected":false},"excerpt":{"rendered":"<p>Kaustisen nuoret olivat hyv\u00e4ss\u00e4 vedossa t\u00e4n\u00e4\u00e4n Kalajoella alkaneissa 9-11 vuotisten piirihuipentumassa. Ensimm\u00e4isen p\u00e4iv\u00e4n menestynein urheilija oli 9-vuotias Julia Kivinen, jonka kuulamestaruus tuli tuloksella 5,62. Korkeudesta tuli toinen kulta, hyv\u00e4ll\u00e4 tekniikalla saavutettu tulos 1,05 oli my\u00f6s oma enn\u00e4tys. Elli Myllym\u00e4ki yll\u00e4tti 9-vuotisten 40m:ll\u00e4. Vasta nelj\u00e4nneksi parhaalla ajalla finaaliin selviytynyt kaustislainen nappasi finaalista hopeaa omalla hienolla enn\u00e4tyksell\u00e4\u00e4n [&hellip;]<\/p>\n","protected":false},"author":16,"featured_media":0,"comment_status":"open","ping_status":"open","sticky":false,"template":"","format":"standard","meta":{"footnotes":""},"categories":[603],"tags":[],"class_list":["post-21947","post","type-post","status-publish","format-standard","hentry","category-yleisurheilu"],"_links":{"self":[{"href":"http:\/\/veikot2.kaustinen.fi\/index.php?rest_route=\/wp\/v2\/posts\/21947","targetHints":{"allow":["GET"]}}],"collection":[{"href":"http:\/\/veikot2.kaustinen.fi\/index.php?rest_route=\/wp\/v2\/posts"}],"about":[{"href":"http:\/\/veikot2.kaustinen.fi\/index.php?rest_route=\/wp\/v2\/types\/post"}],"author":[{"embeddable":true,"href":"http:\/\/veikot2.kaustinen.fi\/index.php?rest_route=\/wp\/v2\/users\/16"}],"replies":[{"embeddable":true,"href":"http:\/\/veikot2.kaustinen.fi\/index.php?rest_route=%2Fwp%2Fv2%2Fcomments&post=21947"}],"version-history":[{"count":0,"href":"http:\/\/veikot2.kaustinen.fi\/index.php?rest_route=\/wp\/v2\/posts\/21947\/revisions"}],"wp:attachment":[{"href":"http:\/\/veikot2.kaustinen.fi\/index.php?rest_route=%2Fwp%2Fv2%2Fmedia&parent=21947"}],"wp:term":[{"taxonomy":"category","embeddable":true,"href":"http:\/\/veikot2.kaustinen.fi\/index.php?rest_route=%2Fwp%2Fv2%2Fcategories&post=21947"},{"taxonomy":"post_tag","embeddable":true,"href":"http:\/\/veikot2.kaustinen.fi\/index.php?rest_route=%2Fwp%2Fv2%2Ftags&post=21947"}],"curies":[{"name":"wp","href":"https:\/\/api.w.org\/{rel}","templated":true}]}}