{"id":21988,"date":"2010-09-06T10:27:27","date_gmt":"2010-09-06T08:27:27","guid":{"rendered":"http:\/\/veikot.kaustinen.fi\/2010\/09\/06\/kim-kansala-viides-trapin-super-finaalissa\/"},"modified":"2010-09-06T10:27:27","modified_gmt":"2010-09-06T08:27:27","slug":"kim-kansala-viides-trapin-super-finaalissa","status":"publish","type":"post","link":"http:\/\/veikot2.kaustinen.fi\/?p=21988","title":{"rendered":"Kim K\u00e4ns\u00e4l\u00e4 viides Trapin super finaalissa."},"content":{"rendered":"<p>KP-V:n Kim K\u00e4ns\u00e4l\u00e4 sijoittui viidenneksi viikonloppuna Hollolassa j\u00e4rjestetyss\u00e4 Trapin superfinaalissa. Kim oli perussarjan j\u00e4lkeen tasatuloksella (101) yhdess\u00e4 kolmen muun ampujan kanssa. N\u00e4iden ampujien kesken jouduttiin j\u00e4rjest\u00e4m\u00e4\u00e4n ratkonta kahdesta viimeisest\u00e4 finaalipaikasta.  Nuo kaksi finaalipaikkaa saivat Kim ja LAS:n Ari Jokinen. Hyv\u00e4n kauden ampunut RMY:n Ari Heikkiniemi j\u00e4i ratkonnassa finaalin ulkopuolelle, joten Kim oli finaalissa ainut edustaja Pohjanmaalta.<\/p>\n<p>Finaalissa Kim ampui tuloksen 20 (121) ja sijoittui lopulta viidenneksi. Voittoon ampui SSG:n Jukka Takala tuloksella 129. Toinen oli SaSA:n Pasi Saarinen (126) ja kolmas KarMAS:n Janne Kirvesm\u00e4ki (126).<\/p>\n<p>Tulokset: <a href=\" http:\/\/www.lahdenampumaseura.fi\/@Bin\/137478\/SF2010_trap_lopputulokset+N,Y,Y15,Y17,Y20,Y55,Y65.pdf\"> http:\/\/www.lahdenampumaseura.fi\/@Bin\/137478\/SF2010_trap_lopputulokset+N,Y,Y15,Y17,Y20,Y55,Y65.pdf<\/a><\/p>\n","protected":false},"excerpt":{"rendered":"<p>KP-V:n Kim K\u00e4ns\u00e4l\u00e4 sijoittui viidenneksi viikonloppuna Hollolassa j\u00e4rjestetyss\u00e4 Trapin superfinaalissa. Kim oli perussarjan j\u00e4lkeen tasatuloksella (101) yhdess\u00e4 kolmen muun ampujan kanssa. N\u00e4iden ampujien kesken jouduttiin j\u00e4rjest\u00e4m\u00e4\u00e4n ratkonta kahdesta viimeisest\u00e4 finaalipaikasta. Nuo kaksi finaalipaikkaa saivat Kim ja LAS:n Ari Jokinen. Hyv\u00e4n kauden ampunut RMY:n Ari Heikkiniemi j\u00e4i ratkonnassa finaalin ulkopuolelle, joten Kim oli finaalissa ainut edustaja [&hellip;]<\/p>\n","protected":false},"author":23,"featured_media":0,"comment_status":"open","ping_status":"open","sticky":false,"template":"","format":"standard","meta":{"footnotes":""},"categories":[602],"tags":[],"class_list":["post-21988","post","type-post","status-publish","format-standard","hentry","category-ammunta"],"_links":{"self":[{"href":"http:\/\/veikot2.kaustinen.fi\/index.php?rest_route=\/wp\/v2\/posts\/21988","targetHints":{"allow":["GET"]}}],"collection":[{"href":"http:\/\/veikot2.kaustinen.fi\/index.php?rest_route=\/wp\/v2\/posts"}],"about":[{"href":"http:\/\/veikot2.kaustinen.fi\/index.php?rest_route=\/wp\/v2\/types\/post"}],"author":[{"embeddable":true,"href":"http:\/\/veikot2.kaustinen.fi\/index.php?rest_route=\/wp\/v2\/users\/23"}],"replies":[{"embeddable":true,"href":"http:\/\/veikot2.kaustinen.fi\/index.php?rest_route=%2Fwp%2Fv2%2Fcomments&post=21988"}],"version-history":[{"count":0,"href":"http:\/\/veikot2.kaustinen.fi\/index.php?rest_route=\/wp\/v2\/posts\/21988\/revisions"}],"wp:attachment":[{"href":"http:\/\/veikot2.kaustinen.fi\/index.php?rest_route=%2Fwp%2Fv2%2Fmedia&parent=21988"}],"wp:term":[{"taxonomy":"category","embeddable":true,"href":"http:\/\/veikot2.kaustinen.fi\/index.php?rest_route=%2Fwp%2Fv2%2Fcategories&post=21988"},{"taxonomy":"post_tag","embeddable":true,"href":"http:\/\/veikot2.kaustinen.fi\/index.php?rest_route=%2Fwp%2Fv2%2Ftags&post=21988"}],"curies":[{"name":"wp","href":"https:\/\/api.w.org\/{rel}","templated":true}]}}