{"id":21997,"date":"2010-09-13T13:05:43","date_gmt":"2010-09-13T11:05:43","guid":{"rendered":"http:\/\/veikot.kaustinen.fi\/2010\/09\/13\/miika-pajukangas-neljas-klln-kisoissa\/"},"modified":"2010-09-13T13:05:43","modified_gmt":"2010-09-13T11:05:43","slug":"miika-pajukangas-neljas-klln-kisoissa","status":"publish","type":"post","link":"http:\/\/veikot2.kaustinen.fi\/?p=21997","title":{"rendered":"Miika Pajukangas nelj\u00e4s KLL:n kisoissa"},"content":{"rendered":"<p>Kaustisen Pohjan-Veikkojen Miika Pajukangas juoksi oman enn\u00e4tyksens\u00e4 3000 metrill\u00e4 KLL:n yleisurheilukisoissa Lohjalla. Pajukankaan aika 9.12,41 riitti kovatasoisessa kilpailussa nelj\u00e4nneksi. Onnittelut Miikalle uudesta enn\u00e4tyksest\u00e4!<\/p>\n","protected":false},"excerpt":{"rendered":"<p>Kaustisen Pohjan-Veikkojen Miika Pajukangas juoksi oman enn\u00e4tyksens\u00e4 3000 metrill\u00e4 KLL:n yleisurheilukisoissa Lohjalla. Pajukankaan aika 9.12,41 riitti kovatasoisessa kilpailussa nelj\u00e4nneksi. Onnittelut Miikalle uudesta enn\u00e4tyksest\u00e4!<\/p>\n","protected":false},"author":17,"featured_media":0,"comment_status":"open","ping_status":"open","sticky":false,"template":"","format":"standard","meta":{"footnotes":""},"categories":[1],"tags":[],"class_list":["post-21997","post","type-post","status-publish","format-standard","hentry","category-yleinen"],"_links":{"self":[{"href":"http:\/\/veikot2.kaustinen.fi\/index.php?rest_route=\/wp\/v2\/posts\/21997","targetHints":{"allow":["GET"]}}],"collection":[{"href":"http:\/\/veikot2.kaustinen.fi\/index.php?rest_route=\/wp\/v2\/posts"}],"about":[{"href":"http:\/\/veikot2.kaustinen.fi\/index.php?rest_route=\/wp\/v2\/types\/post"}],"author":[{"embeddable":true,"href":"http:\/\/veikot2.kaustinen.fi\/index.php?rest_route=\/wp\/v2\/users\/17"}],"replies":[{"embeddable":true,"href":"http:\/\/veikot2.kaustinen.fi\/index.php?rest_route=%2Fwp%2Fv2%2Fcomments&post=21997"}],"version-history":[{"count":0,"href":"http:\/\/veikot2.kaustinen.fi\/index.php?rest_route=\/wp\/v2\/posts\/21997\/revisions"}],"wp:attachment":[{"href":"http:\/\/veikot2.kaustinen.fi\/index.php?rest_route=%2Fwp%2Fv2%2Fmedia&parent=21997"}],"wp:term":[{"taxonomy":"category","embeddable":true,"href":"http:\/\/veikot2.kaustinen.fi\/index.php?rest_route=%2Fwp%2Fv2%2Fcategories&post=21997"},{"taxonomy":"post_tag","embeddable":true,"href":"http:\/\/veikot2.kaustinen.fi\/index.php?rest_route=%2Fwp%2Fv2%2Ftags&post=21997"}],"curies":[{"name":"wp","href":"https:\/\/api.w.org\/{rel}","templated":true}]}}