{"id":22053,"date":"2011-05-11T21:29:35","date_gmt":"2011-05-11T19:29:35","guid":{"rendered":"http:\/\/veikot.kaustinen.fi\/2011\/05\/11\/kunniakierroksesta-ja-vahan-muustakin\/"},"modified":"2014-04-15T12:48:14","modified_gmt":"2014-04-15T10:48:14","slug":"kunniakierroksesta-ja-vahan-muustakin","status":"publish","type":"post","link":"http:\/\/veikot2.kaustinen.fi\/?p=22053","title":{"rendered":"Kunniakierroksesta ja v\u00e4h\u00e4n muustakin"},"content":{"rendered":"<p>Kemoran talkoot onnistuivat hyvin  &#8211; kiitos siit\u00e4!<\/p>\n<p>Lauantain maastojuoksut hoidettiin kokemuksella ja tyylikk\u00e4\u00e4sti.   <br \/>Kilpailunjohtaja Toni Uusitalo oli saanut viritetty\u00e4 kisakoneiston <br \/>oikein hyv\u00e4lle mallille.<\/p>\n<p>Ensi lauantaina on uuden upean urheilutalon avoimien ovien p\u00e4iv\u00e4 &#8211; sinne<br \/> kannattaa<br \/>menn\u00e4.  Valitettavasti itse en yhteensattumien vuoksi p\u00e4\u00e4se tuolloin <br \/>paikalle.<\/p>\n<p>Peinteinen kunniakierros juostaan maanantaina 16.5. kello 19.00 alkaen.<br \/>T\u00e4ll\u00e4 kertaa tapahtuma toteutetaan hieman eri lailla kuin aikaisemmin. <br \/>J\u00e4rvel\u00e4n Seppo on jo seuran sivuilla tiedottanut illasta ja seuraavassa <br \/>Perhonjokilaakso-lehdess\u00e4 tulee lisinfoa.<\/p>\n<p>Mielell\u00e4ni n\u00e4kisin kaikki seuramme urheilijat eli ampujat, hiiht\u00e4j\u00e4t, <br \/>jalkapallojoukkueet, judokat, naisvoimistelijat, suunnistajat, <br \/>voimailijat, yleisurheilijat ja tietysti uuden lajmme salibandyn <br \/>edustajien osallistuvan edustusasuissaan, v\u00e4lineet mukanaan ja pilke <br \/>silm\u00e4kulmassa kev\u00e4iseen liikuntatapahtumaan. Liikkumistyylin ja vauhdin <br \/>saa tietysti jokainen itse p\u00e4\u00e4tt\u00e4\u00e4.<\/p>\n<p>Uskon,ett\u00e4 samalla saamme kokoon hyvin euroja toimitamme py\u00f6ritt\u00e4miseen.<br \/>  Toivottavsti my\u00f6s suuri yleis\u00f6 tulee paikalle!<\/p>\n<p>Huntuksen Antti juontaa illan. H\u00e4n my\u00f6s haastattelee kaikkien seuran <br \/>jaostojen edustajia.  J\u00e4rvel\u00e4n Mauno ja N\u00e4pp\u00e4rit musisoi.<\/p>\n<p>Illan aikana j\u00e4rjestet\u00e4\u00e4n erilaisia haastekisoja.<\/p>\n<p>TERVETULOA!<\/p>\n<p>Erkki<\/p>\n","protected":false},"excerpt":{"rendered":"<p>Kemoran talkoot onnistuivat hyvin &#8211; kiitos siit\u00e4! Lauantain maastojuoksut hoidettiin kokemuksella ja tyylikk\u00e4\u00e4sti. Kilpailunjohtaja Toni Uusitalo oli saanut viritetty\u00e4 kisakoneiston oikein hyv\u00e4lle mallille. Ensi lauantaina on uuden upean urheilutalon avoimien ovien p\u00e4iv\u00e4 &#8211; sinne kannattaamenn\u00e4. Valitettavasti itse en yhteensattumien vuoksi p\u00e4\u00e4se tuolloin paikalle. Peinteinen kunniakierros juostaan maanantaina 16.5. kello 19.00 alkaen.T\u00e4ll\u00e4 kertaa tapahtuma toteutetaan hieman [&hellip;]<\/p>\n","protected":false},"author":25,"featured_media":0,"comment_status":"open","ping_status":"open","sticky":false,"template":"","format":"standard","meta":{"footnotes":""},"categories":[1],"tags":[3327],"class_list":["post-22053","post","type-post","status-publish","format-standard","hentry","category-yleinen","tag-pj"],"_links":{"self":[{"href":"http:\/\/veikot2.kaustinen.fi\/index.php?rest_route=\/wp\/v2\/posts\/22053","targetHints":{"allow":["GET"]}}],"collection":[{"href":"http:\/\/veikot2.kaustinen.fi\/index.php?rest_route=\/wp\/v2\/posts"}],"about":[{"href":"http:\/\/veikot2.kaustinen.fi\/index.php?rest_route=\/wp\/v2\/types\/post"}],"author":[{"embeddable":true,"href":"http:\/\/veikot2.kaustinen.fi\/index.php?rest_route=\/wp\/v2\/users\/25"}],"replies":[{"embeddable":true,"href":"http:\/\/veikot2.kaustinen.fi\/index.php?rest_route=%2Fwp%2Fv2%2Fcomments&post=22053"}],"version-history":[{"count":1,"href":"http:\/\/veikot2.kaustinen.fi\/index.php?rest_route=\/wp\/v2\/posts\/22053\/revisions"}],"predecessor-version":[{"id":23391,"href":"http:\/\/veikot2.kaustinen.fi\/index.php?rest_route=\/wp\/v2\/posts\/22053\/revisions\/23391"}],"wp:attachment":[{"href":"http:\/\/veikot2.kaustinen.fi\/index.php?rest_route=%2Fwp%2Fv2%2Fmedia&parent=22053"}],"wp:term":[{"taxonomy":"category","embeddable":true,"href":"http:\/\/veikot2.kaustinen.fi\/index.php?rest_route=%2Fwp%2Fv2%2Fcategories&post=22053"},{"taxonomy":"post_tag","embeddable":true,"href":"http:\/\/veikot2.kaustinen.fi\/index.php?rest_route=%2Fwp%2Fv2%2Ftags&post=22053"}],"curies":[{"name":"wp","href":"https:\/\/api.w.org\/{rel}","templated":true}]}}