{"id":22154,"date":"2011-07-27T14:20:00","date_gmt":"2011-07-27T12:20:00","guid":{"rendered":"http:\/\/veikot.kaustinen.fi\/2011\/07\/27\/huipentumiin-kannattaa-ilmoittautua-ajoissa\/"},"modified":"2011-07-27T14:20:00","modified_gmt":"2011-07-27T12:20:00","slug":"huipentumiin-kannattaa-ilmoittautua-ajoissa","status":"publish","type":"post","link":"http:\/\/veikot2.kaustinen.fi\/?p=22154","title":{"rendered":"Huipentumiin kannattaa ilmoittautua ajoissa"},"content":{"rendered":"<p>Haapaj\u00e4rvell\u00e4 j\u00e4rjestet\u00e4\u00e4n Keski-Pohjanmaan piirihuipentuma 12-15-vuotiaille keskiviikkona ja torstaina 3-4.8.<\/p>\n<p>Kilpailuun tulee ilmoittautua 31.7. menness\u00e4.<\/p>\n<p>Veteliss\u00e4 maanantaina ja tiistaina 8.-9.8. j\u00e4rjestett\u00e4v\u00e4\u00e4n 9-11-vuotiaiden piirihuipentumaan tulee ilmoittautua 3.8. menness\u00e4.<\/p>\n<p>Ilmoittautumiset os. www.kilpailukalenteri.fi<\/p>\n","protected":false},"excerpt":{"rendered":"<p>Haapaj\u00e4rvell\u00e4 j\u00e4rjestet\u00e4\u00e4n Keski-Pohjanmaan piirihuipentuma 12-15-vuotiaille keskiviikkona ja torstaina 3-4.8. Kilpailuun tulee ilmoittautua 31.7. menness\u00e4. Veteliss\u00e4 maanantaina ja tiistaina 8.-9.8. j\u00e4rjestett\u00e4v\u00e4\u00e4n 9-11-vuotiaiden piirihuipentumaan tulee ilmoittautua 3.8. menness\u00e4. Ilmoittautumiset os. www.kilpailukalenteri.fi<\/p>\n","protected":false},"author":19,"featured_media":0,"comment_status":"open","ping_status":"open","sticky":false,"template":"","format":"standard","meta":{"footnotes":""},"categories":[1],"tags":[],"class_list":["post-22154","post","type-post","status-publish","format-standard","hentry","category-yleinen"],"_links":{"self":[{"href":"http:\/\/veikot2.kaustinen.fi\/index.php?rest_route=\/wp\/v2\/posts\/22154","targetHints":{"allow":["GET"]}}],"collection":[{"href":"http:\/\/veikot2.kaustinen.fi\/index.php?rest_route=\/wp\/v2\/posts"}],"about":[{"href":"http:\/\/veikot2.kaustinen.fi\/index.php?rest_route=\/wp\/v2\/types\/post"}],"author":[{"embeddable":true,"href":"http:\/\/veikot2.kaustinen.fi\/index.php?rest_route=\/wp\/v2\/users\/19"}],"replies":[{"embeddable":true,"href":"http:\/\/veikot2.kaustinen.fi\/index.php?rest_route=%2Fwp%2Fv2%2Fcomments&post=22154"}],"version-history":[{"count":0,"href":"http:\/\/veikot2.kaustinen.fi\/index.php?rest_route=\/wp\/v2\/posts\/22154\/revisions"}],"wp:attachment":[{"href":"http:\/\/veikot2.kaustinen.fi\/index.php?rest_route=%2Fwp%2Fv2%2Fmedia&parent=22154"}],"wp:term":[{"taxonomy":"category","embeddable":true,"href":"http:\/\/veikot2.kaustinen.fi\/index.php?rest_route=%2Fwp%2Fv2%2Fcategories&post=22154"},{"taxonomy":"post_tag","embeddable":true,"href":"http:\/\/veikot2.kaustinen.fi\/index.php?rest_route=%2Fwp%2Fv2%2Ftags&post=22154"}],"curies":[{"name":"wp","href":"https:\/\/api.w.org\/{rel}","templated":true}]}}