{"id":22335,"date":"2012-07-20T10:14:55","date_gmt":"2012-07-20T08:14:55","guid":{"rendered":"http:\/\/veikot.kaustinen.fi\/2012\/07\/20\/kisatuloksia-kannuksesta-ja-alavetelista\/"},"modified":"2012-07-20T10:14:55","modified_gmt":"2012-07-20T08:14:55","slug":"kisatuloksia-kannuksesta-ja-alavetelista","status":"publish","type":"post","link":"http:\/\/veikot2.kaustinen.fi\/?p=22335","title":{"rendered":"Kisatuloksia Kannuksesta ja Alavetelist\u00e4"},"content":{"rendered":"<p>Julia Kivinen juoksi Alavetelin piirikunnallisissa 18.7. 150 metrill\u00e4 voittoon ajalla 22.06. Aika on samalla T11 ?sarjan tilaston kolmanneksi paras aika.<\/p>\n<p>Kannuksessa nuorten 9-15-vuotiaiden pm-otteluissa 14.7. tehtiin my\u00f6s hyvi\u00e4 tuloksia. T11 -sarjassa Julia Kivinen sijoittui 3-ottelussa kolmanneksi pistein 907 ja Venla M\u00e4kel\u00e4 my\u00f6s hienosti nelj\u00e4nneksi pistein 880. P13 -sarjassa Eemil Ali-Haapala otteli kolmanneksi pistein 1245. \u00a0Atte Djupfors otteli P11 -sarjassa sijalle kymmenen pistein 702 ja T9 3-ottelussa Alisa Djupfors kahdeksanneksi pistein 365.<\/p>\n<p>Onnittelut!<\/p>\n","protected":false},"excerpt":{"rendered":"<p>Julia Kivinen juoksi Alavetelin piirikunnallisissa 18.7. 150 metrill\u00e4 voittoon ajalla 22.06. Aika on samalla T11 ?sarjan tilaston kolmanneksi paras aika. Kannuksessa nuorten 9-15-vuotiaiden pm-otteluissa 14.7. tehtiin my\u00f6s hyvi\u00e4 tuloksia. T11 -sarjassa Julia Kivinen sijoittui 3-ottelussa kolmanneksi pistein 907 ja Venla M\u00e4kel\u00e4 my\u00f6s hienosti nelj\u00e4nneksi pistein 880. P13 -sarjassa Eemil Ali-Haapala otteli kolmanneksi pistein 1245. \u00a0Atte [&hellip;]<\/p>\n","protected":false},"author":31,"featured_media":0,"comment_status":"open","ping_status":"open","sticky":false,"template":"","format":"standard","meta":{"footnotes":""},"categories":[1],"tags":[],"class_list":["post-22335","post","type-post","status-publish","format-standard","hentry","category-yleinen"],"_links":{"self":[{"href":"http:\/\/veikot2.kaustinen.fi\/index.php?rest_route=\/wp\/v2\/posts\/22335","targetHints":{"allow":["GET"]}}],"collection":[{"href":"http:\/\/veikot2.kaustinen.fi\/index.php?rest_route=\/wp\/v2\/posts"}],"about":[{"href":"http:\/\/veikot2.kaustinen.fi\/index.php?rest_route=\/wp\/v2\/types\/post"}],"author":[{"embeddable":true,"href":"http:\/\/veikot2.kaustinen.fi\/index.php?rest_route=\/wp\/v2\/users\/31"}],"replies":[{"embeddable":true,"href":"http:\/\/veikot2.kaustinen.fi\/index.php?rest_route=%2Fwp%2Fv2%2Fcomments&post=22335"}],"version-history":[{"count":0,"href":"http:\/\/veikot2.kaustinen.fi\/index.php?rest_route=\/wp\/v2\/posts\/22335\/revisions"}],"wp:attachment":[{"href":"http:\/\/veikot2.kaustinen.fi\/index.php?rest_route=%2Fwp%2Fv2%2Fmedia&parent=22335"}],"wp:term":[{"taxonomy":"category","embeddable":true,"href":"http:\/\/veikot2.kaustinen.fi\/index.php?rest_route=%2Fwp%2Fv2%2Fcategories&post=22335"},{"taxonomy":"post_tag","embeddable":true,"href":"http:\/\/veikot2.kaustinen.fi\/index.php?rest_route=%2Fwp%2Fv2%2Ftags&post=22335"}],"curies":[{"name":"wp","href":"https:\/\/api.w.org\/{rel}","templated":true}]}}