{"id":22336,"date":"2012-07-20T11:18:26","date_gmt":"2012-07-20T09:18:26","guid":{"rendered":"http:\/\/veikot.kaustinen.fi\/2012\/07\/20\/jenni-heittaa-pohjoismaiden-ja-baltian-mestaruuskisoissa-norjassa\/"},"modified":"2014-02-20T08:16:55","modified_gmt":"2014-02-20T06:16:55","slug":"jenni-heittaa-pohjoismaiden-ja-baltian-mestaruuskisoissa-norjassa","status":"publish","type":"post","link":"http:\/\/veikot2.kaustinen.fi\/?p=22336","title":{"rendered":"Jenni heitt\u00e4\u00e4 Pohjoismaiden ja Baltian mestaruuskisoissa Norjassa"},"content":{"rendered":"<p>Kuten jo moni tiet\u00e4\u00e4 Jenni Penttil\u00e4 valittiin Pohjoismaiden ja Baltian 22-vuotiaiden mestaruuskisoihin jotka pidet\u00e4\u00e4n tulevana viikonloppuna Jessheimissa Norjassa. <\/p>\n<p>Aikataulun mukaan naisten moukari heitet\u00e4\u00e4n sunnuntaina klo 11.05. Kisasivujen mukaan jonkinmoinen livel\u00e4hetys netin kautta on tulossa.<\/p>\n<p>Kisasivut: http:\/\/www.nordicbaltic-u23.no\/tidsskjema.aspx<\/p>\n<p>Onnea Jennille kisoihin!<\/p>\n","protected":false},"excerpt":{"rendered":"<p>Kuten jo moni tiet\u00e4\u00e4 Jenni Penttil\u00e4 valittiin Pohjoismaiden ja Baltian 22-vuotiaiden mestaruuskisoihin jotka pidet\u00e4\u00e4n tulevana viikonloppuna Jessheimissa Norjassa. Aikataulun mukaan naisten moukari heitet\u00e4\u00e4n sunnuntaina klo 11.05. Kisasivujen mukaan jonkinmoinen livel\u00e4hetys netin kautta on tulossa. Kisasivut: http:\/\/www.nordicbaltic-u23.no\/tidsskjema.aspx Onnea Jennille kisoihin!<\/p>\n","protected":false},"author":1,"featured_media":0,"comment_status":"open","ping_status":"open","sticky":false,"template":"","format":"standard","meta":{"footnotes":""},"categories":[603],"tags":[],"class_list":["post-22336","post","type-post","status-publish","format-standard","hentry","category-yleisurheilu"],"_links":{"self":[{"href":"http:\/\/veikot2.kaustinen.fi\/index.php?rest_route=\/wp\/v2\/posts\/22336","targetHints":{"allow":["GET"]}}],"collection":[{"href":"http:\/\/veikot2.kaustinen.fi\/index.php?rest_route=\/wp\/v2\/posts"}],"about":[{"href":"http:\/\/veikot2.kaustinen.fi\/index.php?rest_route=\/wp\/v2\/types\/post"}],"author":[{"embeddable":true,"href":"http:\/\/veikot2.kaustinen.fi\/index.php?rest_route=\/wp\/v2\/users\/1"}],"replies":[{"embeddable":true,"href":"http:\/\/veikot2.kaustinen.fi\/index.php?rest_route=%2Fwp%2Fv2%2Fcomments&post=22336"}],"version-history":[{"count":1,"href":"http:\/\/veikot2.kaustinen.fi\/index.php?rest_route=\/wp\/v2\/posts\/22336\/revisions"}],"predecessor-version":[{"id":22755,"href":"http:\/\/veikot2.kaustinen.fi\/index.php?rest_route=\/wp\/v2\/posts\/22336\/revisions\/22755"}],"wp:attachment":[{"href":"http:\/\/veikot2.kaustinen.fi\/index.php?rest_route=%2Fwp%2Fv2%2Fmedia&parent=22336"}],"wp:term":[{"taxonomy":"category","embeddable":true,"href":"http:\/\/veikot2.kaustinen.fi\/index.php?rest_route=%2Fwp%2Fv2%2Fcategories&post=22336"},{"taxonomy":"post_tag","embeddable":true,"href":"http:\/\/veikot2.kaustinen.fi\/index.php?rest_route=%2Fwp%2Fv2%2Ftags&post=22336"}],"curies":[{"name":"wp","href":"https:\/\/api.w.org\/{rel}","templated":true}]}}