{"id":22453,"date":"2013-05-05T22:48:01","date_gmt":"2013-05-05T20:48:01","guid":{"rendered":"http:\/\/veikot.kaustinen.fi\/2013\/05\/05\/nelja-juoksijaa-toholammille\/"},"modified":"2013-05-05T22:48:01","modified_gmt":"2013-05-05T20:48:01","slug":"nelja-juoksijaa-toholammille","status":"publish","type":"post","link":"http:\/\/veikot2.kaustinen.fi\/?p=22453","title":{"rendered":"Nelj\u00e4 juoksijaa Toholammille"},"content":{"rendered":"<p>Toholammilla helatorstaina juostavaan Keski-Pohjanmaan piirin maastohuipentumaan on ilmoittautunut 121 tytt\u00f6\u00e4 ja poikaa.<\/p>\n<p>Kaustiselta huipentumaan on ilmoittautunut nelj\u00e4 juoksijaa.<\/p>\n<p>P12: Saku Kolehmainen<br \/>T12: Julia Kivinen<br \/>P11: Toni Kolehmainen<br \/>T9: Emma Kolehmainen<\/p>\n","protected":false},"excerpt":{"rendered":"<p>Toholammilla helatorstaina juostavaan Keski-Pohjanmaan piirin maastohuipentumaan on ilmoittautunut 121 tytt\u00f6\u00e4 ja poikaa. Kaustiselta huipentumaan on ilmoittautunut nelj\u00e4 juoksijaa. P12: Saku KolehmainenT12: Julia KivinenP11: Toni KolehmainenT9: Emma Kolehmainen<\/p>\n","protected":false},"author":19,"featured_media":0,"comment_status":"open","ping_status":"open","sticky":false,"template":"","format":"standard","meta":{"footnotes":""},"categories":[1],"tags":[],"class_list":["post-22453","post","type-post","status-publish","format-standard","hentry","category-yleinen"],"_links":{"self":[{"href":"http:\/\/veikot2.kaustinen.fi\/index.php?rest_route=\/wp\/v2\/posts\/22453","targetHints":{"allow":["GET"]}}],"collection":[{"href":"http:\/\/veikot2.kaustinen.fi\/index.php?rest_route=\/wp\/v2\/posts"}],"about":[{"href":"http:\/\/veikot2.kaustinen.fi\/index.php?rest_route=\/wp\/v2\/types\/post"}],"author":[{"embeddable":true,"href":"http:\/\/veikot2.kaustinen.fi\/index.php?rest_route=\/wp\/v2\/users\/19"}],"replies":[{"embeddable":true,"href":"http:\/\/veikot2.kaustinen.fi\/index.php?rest_route=%2Fwp%2Fv2%2Fcomments&post=22453"}],"version-history":[{"count":0,"href":"http:\/\/veikot2.kaustinen.fi\/index.php?rest_route=\/wp\/v2\/posts\/22453\/revisions"}],"wp:attachment":[{"href":"http:\/\/veikot2.kaustinen.fi\/index.php?rest_route=%2Fwp%2Fv2%2Fmedia&parent=22453"}],"wp:term":[{"taxonomy":"category","embeddable":true,"href":"http:\/\/veikot2.kaustinen.fi\/index.php?rest_route=%2Fwp%2Fv2%2Fcategories&post=22453"},{"taxonomy":"post_tag","embeddable":true,"href":"http:\/\/veikot2.kaustinen.fi\/index.php?rest_route=%2Fwp%2Fv2%2Ftags&post=22453"}],"curies":[{"name":"wp","href":"https:\/\/api.w.org\/{rel}","templated":true}]}}