{"id":22476,"date":"2013-05-26T21:53:54","date_gmt":"2013-05-26T19:53:54","guid":{"rendered":"http:\/\/veikot.kaustinen.fi\/2013\/05\/26\/moukarissa-kova-tilastokarki\/"},"modified":"2013-05-26T21:53:54","modified_gmt":"2013-05-26T19:53:54","slug":"moukarissa-kova-tilastokarki","status":"publish","type":"post","link":"http:\/\/veikot2.kaustinen.fi\/?p=22476","title":{"rendered":"Moukarissa kova tilastok\u00e4rki"},"content":{"rendered":"<p>Naisten moukarinheitossa on kes\u00e4n tilaston k\u00e4rki jo t\u00e4ss\u00e4 vaiheessa kova. Viisi naista on heitt\u00e4nyt yli 60 metri\u00e4 ja kaksi ihan l\u00e4helle.<\/p>\n<p>60 metrin rajan ylitt\u00e4neet<\/p>\n<p>66,96 Merja Korpela Soinin Sisu<br \/>64,23 Jenni Penttil\u00e4 Kaustisen Pohjan-Veikot<br \/>62,42 Johanna Salmela Jyv\u00e4skyl\u00e4n Kentt\u00e4urheilijat<br \/>60,91 Jenna Miettinen Maaningan Mahti<br \/>60,14 Sanni Saarinen S\u00e4kyl\u00e4n Urheilijat<\/p>\n<p>Viime vuonna yhdeks\u00e4n naista ylitti 60 metrin rajan.<\/p>\n","protected":false},"excerpt":{"rendered":"<p>Naisten moukarinheitossa on kes\u00e4n tilaston k\u00e4rki jo t\u00e4ss\u00e4 vaiheessa kova. Viisi naista on heitt\u00e4nyt yli 60 metri\u00e4 ja kaksi ihan l\u00e4helle. 60 metrin rajan ylitt\u00e4neet 66,96 Merja Korpela Soinin Sisu64,23 Jenni Penttil\u00e4 Kaustisen Pohjan-Veikot62,42 Johanna Salmela Jyv\u00e4skyl\u00e4n Kentt\u00e4urheilijat60,91 Jenna Miettinen Maaningan Mahti60,14 Sanni Saarinen S\u00e4kyl\u00e4n Urheilijat Viime vuonna yhdeks\u00e4n naista ylitti 60 metrin rajan.<\/p>\n","protected":false},"author":19,"featured_media":0,"comment_status":"open","ping_status":"open","sticky":false,"template":"","format":"standard","meta":{"footnotes":""},"categories":[603],"tags":[],"class_list":["post-22476","post","type-post","status-publish","format-standard","hentry","category-yleisurheilu"],"_links":{"self":[{"href":"http:\/\/veikot2.kaustinen.fi\/index.php?rest_route=\/wp\/v2\/posts\/22476","targetHints":{"allow":["GET"]}}],"collection":[{"href":"http:\/\/veikot2.kaustinen.fi\/index.php?rest_route=\/wp\/v2\/posts"}],"about":[{"href":"http:\/\/veikot2.kaustinen.fi\/index.php?rest_route=\/wp\/v2\/types\/post"}],"author":[{"embeddable":true,"href":"http:\/\/veikot2.kaustinen.fi\/index.php?rest_route=\/wp\/v2\/users\/19"}],"replies":[{"embeddable":true,"href":"http:\/\/veikot2.kaustinen.fi\/index.php?rest_route=%2Fwp%2Fv2%2Fcomments&post=22476"}],"version-history":[{"count":0,"href":"http:\/\/veikot2.kaustinen.fi\/index.php?rest_route=\/wp\/v2\/posts\/22476\/revisions"}],"wp:attachment":[{"href":"http:\/\/veikot2.kaustinen.fi\/index.php?rest_route=%2Fwp%2Fv2%2Fmedia&parent=22476"}],"wp:term":[{"taxonomy":"category","embeddable":true,"href":"http:\/\/veikot2.kaustinen.fi\/index.php?rest_route=%2Fwp%2Fv2%2Fcategories&post=22476"},{"taxonomy":"post_tag","embeddable":true,"href":"http:\/\/veikot2.kaustinen.fi\/index.php?rest_route=%2Fwp%2Fv2%2Ftags&post=22476"}],"curies":[{"name":"wp","href":"https:\/\/api.w.org\/{rel}","templated":true}]}}