{"id":22484,"date":"2013-06-03T22:37:44","date_gmt":"2013-06-03T20:37:44","guid":{"rendered":"http:\/\/veikot.kaustinen.fi\/2013\/06\/03\/moukarikarnevaalit-kaustisella-15-kerran-2\/"},"modified":"2013-06-03T22:37:44","modified_gmt":"2013-06-03T20:37:44","slug":"moukarikarnevaalit-kaustisella-15-kerran-2","status":"publish","type":"post","link":"http:\/\/veikot2.kaustinen.fi\/?p=22484","title":{"rendered":"Moukarikarnevaalit Kaustisella 15. kerran"},"content":{"rendered":"<p>Kaustisen Pohjan-Veikot j\u00e4rjest\u00e4\u00e4 moukarikarnevaalit jo 15. kerran. T\u00e4m\u00e4n vuoden karnevaalit j\u00e4rjestet\u00e4\u00e4n 27.-30.6.<\/p>\n<p>Karnevaalit k\u00e4ynnistyv\u00e4t torstaina 27.6. klo 11.00. Silloin kilpaillaan eri 22 sarjassa. Nuorimmat kilpailijat ovat 9-vuotiaita ja vanhimmat 22-vuotiaita. <\/p>\n<p>Naisten ja miesten p\u00e4\u00e4kilpailu on lauantaina 29.6. klo 14.00.<\/p>\n<p>Karnevaalien p\u00e4\u00e4t\u00f6sp\u00e4iv\u00e4n\u00e4 sunnuntaina on viel\u00e4 karsalliset kilpailut miesten ja naisten sek\u00e4 17- ja 19-vuotiaiden sarjoissa.<\/p>\n<p>Kaikki kilpailut k\u00e4yd\u00e4\u00e4n Nikulan ravikeskuksessa.<\/p>\n","protected":false},"excerpt":{"rendered":"<p>Kaustisen Pohjan-Veikot j\u00e4rjest\u00e4\u00e4 moukarikarnevaalit jo 15. kerran. T\u00e4m\u00e4n vuoden karnevaalit j\u00e4rjestet\u00e4\u00e4n 27.-30.6. Karnevaalit k\u00e4ynnistyv\u00e4t torstaina 27.6. klo 11.00. Silloin kilpaillaan eri 22 sarjassa. Nuorimmat kilpailijat ovat 9-vuotiaita ja vanhimmat 22-vuotiaita. Naisten ja miesten p\u00e4\u00e4kilpailu on lauantaina 29.6. klo 14.00. Karnevaalien p\u00e4\u00e4t\u00f6sp\u00e4iv\u00e4n\u00e4 sunnuntaina on viel\u00e4 karsalliset kilpailut miesten ja naisten sek\u00e4 17- ja 19-vuotiaiden sarjoissa. Kaikki [&hellip;]<\/p>\n","protected":false},"author":19,"featured_media":0,"comment_status":"open","ping_status":"open","sticky":false,"template":"","format":"standard","meta":{"footnotes":""},"categories":[603],"tags":[],"class_list":["post-22484","post","type-post","status-publish","format-standard","hentry","category-yleisurheilu"],"_links":{"self":[{"href":"http:\/\/veikot2.kaustinen.fi\/index.php?rest_route=\/wp\/v2\/posts\/22484","targetHints":{"allow":["GET"]}}],"collection":[{"href":"http:\/\/veikot2.kaustinen.fi\/index.php?rest_route=\/wp\/v2\/posts"}],"about":[{"href":"http:\/\/veikot2.kaustinen.fi\/index.php?rest_route=\/wp\/v2\/types\/post"}],"author":[{"embeddable":true,"href":"http:\/\/veikot2.kaustinen.fi\/index.php?rest_route=\/wp\/v2\/users\/19"}],"replies":[{"embeddable":true,"href":"http:\/\/veikot2.kaustinen.fi\/index.php?rest_route=%2Fwp%2Fv2%2Fcomments&post=22484"}],"version-history":[{"count":0,"href":"http:\/\/veikot2.kaustinen.fi\/index.php?rest_route=\/wp\/v2\/posts\/22484\/revisions"}],"wp:attachment":[{"href":"http:\/\/veikot2.kaustinen.fi\/index.php?rest_route=%2Fwp%2Fv2%2Fmedia&parent=22484"}],"wp:term":[{"taxonomy":"category","embeddable":true,"href":"http:\/\/veikot2.kaustinen.fi\/index.php?rest_route=%2Fwp%2Fv2%2Fcategories&post=22484"},{"taxonomy":"post_tag","embeddable":true,"href":"http:\/\/veikot2.kaustinen.fi\/index.php?rest_route=%2Fwp%2Fv2%2Ftags&post=22484"}],"curies":[{"name":"wp","href":"https:\/\/api.w.org\/{rel}","templated":true}]}}