{"id":22488,"date":"2013-06-09T20:44:26","date_gmt":"2013-06-09T18:44:26","guid":{"rendered":"http:\/\/veikot.kaustinen.fi\/2013\/06\/09\/kaustinen-tarkea-nayttopaikka\/"},"modified":"2013-06-09T20:44:26","modified_gmt":"2013-06-09T18:44:26","slug":"kaustinen-tarkea-nayttopaikka","status":"publish","type":"post","link":"http:\/\/veikot2.kaustinen.fi\/?p=22488","title":{"rendered":"Kaustinen t\u00e4rke\u00e4 n\u00e4ytt\u00f6paikka"},"content":{"rendered":"<p>Kolmen viikon kuluttua Kaustisella j\u00e4rjestett\u00e4v\u00e4t moukarikarnevaalit ovat j\u00e4lleen t\u00e4rke\u00e4 n\u00e4ytt\u00f6paikka 22- ja 19-vuotiaiden EM-kilpailujen valintoja varten.<\/p>\n<p>Euroopan mestaruuksista kilpaillaan 22-vuotiaiden osalta 11.-14.7. Tampereella. 19-vuotiaiden kilpailut on 18.-21.7. Italian Rietiss\u00e4.<\/p>\n","protected":false},"excerpt":{"rendered":"<p>Kolmen viikon kuluttua Kaustisella j\u00e4rjestett\u00e4v\u00e4t moukarikarnevaalit ovat j\u00e4lleen t\u00e4rke\u00e4 n\u00e4ytt\u00f6paikka 22- ja 19-vuotiaiden EM-kilpailujen valintoja varten. Euroopan mestaruuksista kilpaillaan 22-vuotiaiden osalta 11.-14.7. Tampereella. 19-vuotiaiden kilpailut on 18.-21.7. Italian Rietiss\u00e4.<\/p>\n","protected":false},"author":19,"featured_media":0,"comment_status":"open","ping_status":"open","sticky":false,"template":"","format":"standard","meta":{"footnotes":""},"categories":[603],"tags":[],"class_list":["post-22488","post","type-post","status-publish","format-standard","hentry","category-yleisurheilu"],"_links":{"self":[{"href":"http:\/\/veikot2.kaustinen.fi\/index.php?rest_route=\/wp\/v2\/posts\/22488","targetHints":{"allow":["GET"]}}],"collection":[{"href":"http:\/\/veikot2.kaustinen.fi\/index.php?rest_route=\/wp\/v2\/posts"}],"about":[{"href":"http:\/\/veikot2.kaustinen.fi\/index.php?rest_route=\/wp\/v2\/types\/post"}],"author":[{"embeddable":true,"href":"http:\/\/veikot2.kaustinen.fi\/index.php?rest_route=\/wp\/v2\/users\/19"}],"replies":[{"embeddable":true,"href":"http:\/\/veikot2.kaustinen.fi\/index.php?rest_route=%2Fwp%2Fv2%2Fcomments&post=22488"}],"version-history":[{"count":0,"href":"http:\/\/veikot2.kaustinen.fi\/index.php?rest_route=\/wp\/v2\/posts\/22488\/revisions"}],"wp:attachment":[{"href":"http:\/\/veikot2.kaustinen.fi\/index.php?rest_route=%2Fwp%2Fv2%2Fmedia&parent=22488"}],"wp:term":[{"taxonomy":"category","embeddable":true,"href":"http:\/\/veikot2.kaustinen.fi\/index.php?rest_route=%2Fwp%2Fv2%2Fcategories&post=22488"},{"taxonomy":"post_tag","embeddable":true,"href":"http:\/\/veikot2.kaustinen.fi\/index.php?rest_route=%2Fwp%2Fv2%2Ftags&post=22488"}],"curies":[{"name":"wp","href":"https:\/\/api.w.org\/{rel}","templated":true}]}}