{"id":22493,"date":"2013-06-14T10:30:08","date_gmt":"2013-06-14T08:30:08","guid":{"rendered":"http:\/\/veikot.kaustinen.fi\/2013\/06\/14\/penttila-heittaa-tampereella\/"},"modified":"2013-06-14T10:30:08","modified_gmt":"2013-06-14T08:30:08","slug":"penttila-heittaa-tampereella","status":"publish","type":"post","link":"http:\/\/veikot2.kaustinen.fi\/?p=22493","title":{"rendered":"Penttil\u00e4 heitt\u00e4\u00e4 Tampereella"},"content":{"rendered":"<p>Naisten moukarin k\u00e4rkiheitt\u00e4j\u00e4t kohtaavat Tampereella lauantaina. Kansalliseen kutsukilpailuun osallistuu seitsem\u00e4n k\u00e4rkiheitt\u00e4j\u00e4\u00e4.<\/p>\n<p>Mukana kilpailussa ovat Soinin Sisun Merja Korpela, Kaustisen Pohjan-Veikkojen Jenni Penttil\u00e4, Jyv\u00e4skyl\u00e4n Kentt\u00e4urheilijoiden Johanna Salmela, Maaningan Mahdin Jonna Miettinen, S\u00e4kyl\u00e4n Urheilijoiden Sanni Saarinen, Espoon Tapioiden Ilse Kaaja ja Nurmij\u00e4rven Yleisurheilun Heli Rinnekari.<\/p>\n","protected":false},"excerpt":{"rendered":"<p>Naisten moukarin k\u00e4rkiheitt\u00e4j\u00e4t kohtaavat Tampereella lauantaina. Kansalliseen kutsukilpailuun osallistuu seitsem\u00e4n k\u00e4rkiheitt\u00e4j\u00e4\u00e4. Mukana kilpailussa ovat Soinin Sisun Merja Korpela, Kaustisen Pohjan-Veikkojen Jenni Penttil\u00e4, Jyv\u00e4skyl\u00e4n Kentt\u00e4urheilijoiden Johanna Salmela, Maaningan Mahdin Jonna Miettinen, S\u00e4kyl\u00e4n Urheilijoiden Sanni Saarinen, Espoon Tapioiden Ilse Kaaja ja Nurmij\u00e4rven Yleisurheilun Heli Rinnekari.<\/p>\n","protected":false},"author":19,"featured_media":0,"comment_status":"open","ping_status":"open","sticky":false,"template":"","format":"standard","meta":{"footnotes":""},"categories":[603],"tags":[],"class_list":["post-22493","post","type-post","status-publish","format-standard","hentry","category-yleisurheilu"],"_links":{"self":[{"href":"http:\/\/veikot2.kaustinen.fi\/index.php?rest_route=\/wp\/v2\/posts\/22493","targetHints":{"allow":["GET"]}}],"collection":[{"href":"http:\/\/veikot2.kaustinen.fi\/index.php?rest_route=\/wp\/v2\/posts"}],"about":[{"href":"http:\/\/veikot2.kaustinen.fi\/index.php?rest_route=\/wp\/v2\/types\/post"}],"author":[{"embeddable":true,"href":"http:\/\/veikot2.kaustinen.fi\/index.php?rest_route=\/wp\/v2\/users\/19"}],"replies":[{"embeddable":true,"href":"http:\/\/veikot2.kaustinen.fi\/index.php?rest_route=%2Fwp%2Fv2%2Fcomments&post=22493"}],"version-history":[{"count":0,"href":"http:\/\/veikot2.kaustinen.fi\/index.php?rest_route=\/wp\/v2\/posts\/22493\/revisions"}],"wp:attachment":[{"href":"http:\/\/veikot2.kaustinen.fi\/index.php?rest_route=%2Fwp%2Fv2%2Fmedia&parent=22493"}],"wp:term":[{"taxonomy":"category","embeddable":true,"href":"http:\/\/veikot2.kaustinen.fi\/index.php?rest_route=%2Fwp%2Fv2%2Fcategories&post=22493"},{"taxonomy":"post_tag","embeddable":true,"href":"http:\/\/veikot2.kaustinen.fi\/index.php?rest_route=%2Fwp%2Fv2%2Ftags&post=22493"}],"curies":[{"name":"wp","href":"https:\/\/api.w.org\/{rel}","templated":true}]}}