{"id":22536,"date":"2013-07-23T10:03:44","date_gmt":"2013-07-23T08:03:44","guid":{"rendered":"http:\/\/veikot.kaustinen.fi\/2013\/07\/23\/myllymaelle-a-trap-sm-kulta\/"},"modified":"2014-02-20T08:16:55","modified_gmt":"2014-02-20T06:16:55","slug":"myllymaelle-a-trap-sm-kulta","status":"publish","type":"post","link":"http:\/\/veikot2.kaustinen.fi\/?p=22536","title":{"rendered":"Myllym\u00e4elle A-trap SM kulta."},"content":{"rendered":"<p>KP-V:n Juha Myllym\u00e4ki sijoittui ykk\u00f6seksi Siilinj\u00e4rvell\u00e4 21.7 j\u00e4rjesteyiss\u00e4 A-trap SM kisoissa. Juha ampui liikuntavammaisten LV2-luokassa tuloksen 54, joka riitti sarjan voittoon. <br \/>SM-mitali oli Juhalle toinen t\u00e4ll\u00e4 kaudella, sill\u00e4 h\u00e4n sijoittui kakkoseksi 15.6 Orimattilassa j\u00e4rjestetyiss\u00e4 1-trap SM kisoissa.<\/p>\n<p>A-trap SM Y-sarjassa viimevuotinen mestari Kim K\u00e4ns\u00e4l\u00e4 j\u00e4i niukasti finaalin ulkopuolelle ollen seitsem\u00e4s. Toni Varila oli 24. ja Reijo Luomala 40.<\/p>\n<p>Ik\u00e4kausi sarjoissa Reijo Luomala (y-50) sijoittui 21. ja Risto Paavola (y-60) sijalle 17.<\/p>\n<p>Tulokset:<br \/>http:\/\/siura.sporttisaitti.com\/kilpailut\/sm-a-trap-19-21-7-2013\/<\/p>\n","protected":false},"excerpt":{"rendered":"<p>KP-V:n Juha Myllym\u00e4ki sijoittui ykk\u00f6seksi Siilinj\u00e4rvell\u00e4 21.7 j\u00e4rjesteyiss\u00e4 A-trap SM kisoissa. Juha ampui liikuntavammaisten LV2-luokassa tuloksen 54, joka riitti sarjan voittoon. SM-mitali oli Juhalle toinen t\u00e4ll\u00e4 kaudella, sill\u00e4 h\u00e4n sijoittui kakkoseksi 15.6 Orimattilassa j\u00e4rjestetyiss\u00e4 1-trap SM kisoissa. A-trap SM Y-sarjassa viimevuotinen mestari Kim K\u00e4ns\u00e4l\u00e4 j\u00e4i niukasti finaalin ulkopuolelle ollen seitsem\u00e4s. Toni Varila oli 24. ja [&hellip;]<\/p>\n","protected":false},"author":23,"featured_media":0,"comment_status":"open","ping_status":"open","sticky":false,"template":"","format":"standard","meta":{"footnotes":""},"categories":[602],"tags":[],"class_list":["post-22536","post","type-post","status-publish","format-standard","hentry","category-ammunta"],"_links":{"self":[{"href":"http:\/\/veikot2.kaustinen.fi\/index.php?rest_route=\/wp\/v2\/posts\/22536","targetHints":{"allow":["GET"]}}],"collection":[{"href":"http:\/\/veikot2.kaustinen.fi\/index.php?rest_route=\/wp\/v2\/posts"}],"about":[{"href":"http:\/\/veikot2.kaustinen.fi\/index.php?rest_route=\/wp\/v2\/types\/post"}],"author":[{"embeddable":true,"href":"http:\/\/veikot2.kaustinen.fi\/index.php?rest_route=\/wp\/v2\/users\/23"}],"replies":[{"embeddable":true,"href":"http:\/\/veikot2.kaustinen.fi\/index.php?rest_route=%2Fwp%2Fv2%2Fcomments&post=22536"}],"version-history":[{"count":1,"href":"http:\/\/veikot2.kaustinen.fi\/index.php?rest_route=\/wp\/v2\/posts\/22536\/revisions"}],"predecessor-version":[{"id":22758,"href":"http:\/\/veikot2.kaustinen.fi\/index.php?rest_route=\/wp\/v2\/posts\/22536\/revisions\/22758"}],"wp:attachment":[{"href":"http:\/\/veikot2.kaustinen.fi\/index.php?rest_route=%2Fwp%2Fv2%2Fmedia&parent=22536"}],"wp:term":[{"taxonomy":"category","embeddable":true,"href":"http:\/\/veikot2.kaustinen.fi\/index.php?rest_route=%2Fwp%2Fv2%2Fcategories&post=22536"},{"taxonomy":"post_tag","embeddable":true,"href":"http:\/\/veikot2.kaustinen.fi\/index.php?rest_route=%2Fwp%2Fv2%2Ftags&post=22536"}],"curies":[{"name":"wp","href":"https:\/\/api.w.org\/{rel}","templated":true}]}}