{"id":22537,"date":"2013-07-24T08:02:20","date_gmt":"2013-07-24T06:02:20","guid":{"rendered":"http:\/\/veikot.kaustinen.fi\/2013\/07\/24\/penttila-ja-lehto-heittavat-kalevan-kisoissa\/"},"modified":"2013-07-24T08:02:20","modified_gmt":"2013-07-24T06:02:20","slug":"penttila-ja-lehto-heittavat-kalevan-kisoissa","status":"publish","type":"post","link":"http:\/\/veikot2.kaustinen.fi\/?p=22537","title":{"rendered":"Penttil\u00e4 ja Lehto heitt\u00e4v\u00e4t Kalevan kisoissa"},"content":{"rendered":"<p>Vaasassa alkavat huomenna yleisurheilun Kalevan kisat. Kaustisen Pohjan-Veikoista ovat mukana naisten moukarissa Jenni Penttil\u00e4 ja miesten moukarissa Jesse Lehto.<\/p>\n<p>Miesten moukarin karsinta heitet\u00e4\u00e4n perjantaina ja loppukilpailu on lauantaina. Naisten moukarin karsinta on lauantaina ja loppukilpailu sunnuntaina.<\/p>\n","protected":false},"excerpt":{"rendered":"<p>Vaasassa alkavat huomenna yleisurheilun Kalevan kisat. Kaustisen Pohjan-Veikoista ovat mukana naisten moukarissa Jenni Penttil\u00e4 ja miesten moukarissa Jesse Lehto. Miesten moukarin karsinta heitet\u00e4\u00e4n perjantaina ja loppukilpailu on lauantaina. Naisten moukarin karsinta on lauantaina ja loppukilpailu sunnuntaina.<\/p>\n","protected":false},"author":19,"featured_media":0,"comment_status":"open","ping_status":"open","sticky":false,"template":"","format":"standard","meta":{"footnotes":""},"categories":[603],"tags":[],"class_list":["post-22537","post","type-post","status-publish","format-standard","hentry","category-yleisurheilu"],"_links":{"self":[{"href":"http:\/\/veikot2.kaustinen.fi\/index.php?rest_route=\/wp\/v2\/posts\/22537","targetHints":{"allow":["GET"]}}],"collection":[{"href":"http:\/\/veikot2.kaustinen.fi\/index.php?rest_route=\/wp\/v2\/posts"}],"about":[{"href":"http:\/\/veikot2.kaustinen.fi\/index.php?rest_route=\/wp\/v2\/types\/post"}],"author":[{"embeddable":true,"href":"http:\/\/veikot2.kaustinen.fi\/index.php?rest_route=\/wp\/v2\/users\/19"}],"replies":[{"embeddable":true,"href":"http:\/\/veikot2.kaustinen.fi\/index.php?rest_route=%2Fwp%2Fv2%2Fcomments&post=22537"}],"version-history":[{"count":0,"href":"http:\/\/veikot2.kaustinen.fi\/index.php?rest_route=\/wp\/v2\/posts\/22537\/revisions"}],"wp:attachment":[{"href":"http:\/\/veikot2.kaustinen.fi\/index.php?rest_route=%2Fwp%2Fv2%2Fmedia&parent=22537"}],"wp:term":[{"taxonomy":"category","embeddable":true,"href":"http:\/\/veikot2.kaustinen.fi\/index.php?rest_route=%2Fwp%2Fv2%2Fcategories&post=22537"},{"taxonomy":"post_tag","embeddable":true,"href":"http:\/\/veikot2.kaustinen.fi\/index.php?rest_route=%2Fwp%2Fv2%2Ftags&post=22537"}],"curies":[{"name":"wp","href":"https:\/\/api.w.org\/{rel}","templated":true}]}}