{"id":22544,"date":"2013-08-01T10:14:45","date_gmt":"2013-08-01T08:14:45","guid":{"rendered":"http:\/\/veikot.kaustinen.fi\/2013\/08\/01\/peltoniemi-ja-ukskoski-juoksevat-saarijarvella\/"},"modified":"2013-08-01T10:14:45","modified_gmt":"2013-08-01T08:14:45","slug":"peltoniemi-ja-ukskoski-juoksevat-saarijarvella","status":"publish","type":"post","link":"http:\/\/veikot2.kaustinen.fi\/?p=22544","title":{"rendered":"Peltoniemi ja Ukskoski juoksevat Saarij\u00e4rvell\u00e4"},"content":{"rendered":"<p>Saarij\u00e4rvell\u00e4 j\u00e4rjestet\u00e4\u00e4n viikonloppuna 19- ja 17-vuotiaiden aluemestaruuskilpailut. Mestaruuksista kilpailevat Keski-Suomen, Etel\u00e4-Pohjanmaan ja Keski-Pohjanmaan nuoret.<\/p>\n<p>Kaustisen Pohjan-Veikoista ovat mukana Vilja Peltoniemi ja Karoliina Ukskoski. Peltoniemi osallistuu naisten 17-vuotiaiden 300 metrille. Ukskoski juoksee saman sarjan 800 ja 3000 metri\u00e4.<\/p>\n","protected":false},"excerpt":{"rendered":"<p>Saarij\u00e4rvell\u00e4 j\u00e4rjestet\u00e4\u00e4n viikonloppuna 19- ja 17-vuotiaiden aluemestaruuskilpailut. Mestaruuksista kilpailevat Keski-Suomen, Etel\u00e4-Pohjanmaan ja Keski-Pohjanmaan nuoret. Kaustisen Pohjan-Veikoista ovat mukana Vilja Peltoniemi ja Karoliina Ukskoski. Peltoniemi osallistuu naisten 17-vuotiaiden 300 metrille. Ukskoski juoksee saman sarjan 800 ja 3000 metri\u00e4.<\/p>\n","protected":false},"author":19,"featured_media":0,"comment_status":"open","ping_status":"open","sticky":false,"template":"","format":"standard","meta":{"footnotes":""},"categories":[1],"tags":[],"class_list":["post-22544","post","type-post","status-publish","format-standard","hentry","category-yleinen"],"_links":{"self":[{"href":"http:\/\/veikot2.kaustinen.fi\/index.php?rest_route=\/wp\/v2\/posts\/22544","targetHints":{"allow":["GET"]}}],"collection":[{"href":"http:\/\/veikot2.kaustinen.fi\/index.php?rest_route=\/wp\/v2\/posts"}],"about":[{"href":"http:\/\/veikot2.kaustinen.fi\/index.php?rest_route=\/wp\/v2\/types\/post"}],"author":[{"embeddable":true,"href":"http:\/\/veikot2.kaustinen.fi\/index.php?rest_route=\/wp\/v2\/users\/19"}],"replies":[{"embeddable":true,"href":"http:\/\/veikot2.kaustinen.fi\/index.php?rest_route=%2Fwp%2Fv2%2Fcomments&post=22544"}],"version-history":[{"count":0,"href":"http:\/\/veikot2.kaustinen.fi\/index.php?rest_route=\/wp\/v2\/posts\/22544\/revisions"}],"wp:attachment":[{"href":"http:\/\/veikot2.kaustinen.fi\/index.php?rest_route=%2Fwp%2Fv2%2Fmedia&parent=22544"}],"wp:term":[{"taxonomy":"category","embeddable":true,"href":"http:\/\/veikot2.kaustinen.fi\/index.php?rest_route=%2Fwp%2Fv2%2Fcategories&post=22544"},{"taxonomy":"post_tag","embeddable":true,"href":"http:\/\/veikot2.kaustinen.fi\/index.php?rest_route=%2Fwp%2Fv2%2Ftags&post=22544"}],"curies":[{"name":"wp","href":"https:\/\/api.w.org\/{rel}","templated":true}]}}