{"id":22576,"date":"2013-09-24T15:46:22","date_gmt":"2013-09-24T13:46:22","guid":{"rendered":"http:\/\/veikot.kaustinen.fi\/2013\/09\/24\/maattala-mitaleilla-pohjoismaisessa-maaottelussa\/"},"modified":"2014-03-19T23:42:02","modified_gmt":"2014-03-19T21:42:02","slug":"maattala-mitaleilla-pohjoismaisessa-maaottelussa","status":"publish","type":"post","link":"http:\/\/veikot2.kaustinen.fi\/?p=22576","title":{"rendered":"M\u00e4\u00e4tt\u00e4l\u00e4 mitaleilla pohjoismaisessa maaottelussa"},"content":{"rendered":"<p>Marko M\u00e4\u00e4tt\u00e4l\u00e4 oli mukana joukkuemaaottelun voittaneessa joukkueessa. Muut joukkueen kilpailijat olivat Antti Rusanen, Lauri Kontkanen, Jari Turto sek\u00e4 Pinja M\u00e4kinen. Maaottelun tuloksiin laskettiin kahden p\u00e4iv\u00e4n yhteispisteet. Ruotsi oli toinen kolme pistett\u00e4 Suomesta, Norja sijoittui kolmanneksi j\u00e4\u00e4den Suomesta jo 13 pistett\u00e4.<br \/>Nyt saavutettu joukkuemaaottelun voitto oli Suomen kolmas. Edellinen tuli  2011 Tanskasta my\u00f6s silloin KP-V:n Marko M\u00e4\u00e4tt\u00e4l\u00e4 oli joukkueessa.<\/p>\n<p>Tulokset<\/p>\n","protected":false},"excerpt":{"rendered":"<p>Marko M\u00e4\u00e4tt\u00e4l\u00e4 oli mukana joukkuemaaottelun voittaneessa joukkueessa. Muut joukkueen kilpailijat olivat Antti Rusanen, Lauri Kontkanen, Jari Turto sek\u00e4 Pinja M\u00e4kinen. Maaottelun tuloksiin laskettiin kahden p\u00e4iv\u00e4n yhteispisteet. Ruotsi oli toinen kolme pistett\u00e4 Suomesta, Norja sijoittui kolmanneksi j\u00e4\u00e4den Suomesta jo 13 pistett\u00e4.Nyt saavutettu joukkuemaaottelun voitto oli Suomen kolmas. Edellinen tuli 2011 Tanskasta my\u00f6s silloin KP-V:n Marko M\u00e4\u00e4tt\u00e4l\u00e4 [&hellip;]<\/p>\n","protected":false},"author":1,"featured_media":0,"comment_status":"open","ping_status":"open","sticky":false,"template":"","format":"standard","meta":{"footnotes":""},"categories":[1],"tags":[],"class_list":["post-22576","post","type-post","status-publish","format-standard","hentry","category-yleinen"],"_links":{"self":[{"href":"http:\/\/veikot2.kaustinen.fi\/index.php?rest_route=\/wp\/v2\/posts\/22576","targetHints":{"allow":["GET"]}}],"collection":[{"href":"http:\/\/veikot2.kaustinen.fi\/index.php?rest_route=\/wp\/v2\/posts"}],"about":[{"href":"http:\/\/veikot2.kaustinen.fi\/index.php?rest_route=\/wp\/v2\/types\/post"}],"author":[{"embeddable":true,"href":"http:\/\/veikot2.kaustinen.fi\/index.php?rest_route=\/wp\/v2\/users\/1"}],"replies":[{"embeddable":true,"href":"http:\/\/veikot2.kaustinen.fi\/index.php?rest_route=%2Fwp%2Fv2%2Fcomments&post=22576"}],"version-history":[{"count":1,"href":"http:\/\/veikot2.kaustinen.fi\/index.php?rest_route=\/wp\/v2\/posts\/22576\/revisions"}],"predecessor-version":[{"id":22928,"href":"http:\/\/veikot2.kaustinen.fi\/index.php?rest_route=\/wp\/v2\/posts\/22576\/revisions\/22928"}],"wp:attachment":[{"href":"http:\/\/veikot2.kaustinen.fi\/index.php?rest_route=%2Fwp%2Fv2%2Fmedia&parent=22576"}],"wp:term":[{"taxonomy":"category","embeddable":true,"href":"http:\/\/veikot2.kaustinen.fi\/index.php?rest_route=%2Fwp%2Fv2%2Fcategories&post=22576"},{"taxonomy":"post_tag","embeddable":true,"href":"http:\/\/veikot2.kaustinen.fi\/index.php?rest_route=%2Fwp%2Fv2%2Ftags&post=22576"}],"curies":[{"name":"wp","href":"https:\/\/api.w.org\/{rel}","templated":true}]}}