{"id":22604,"date":"2014-01-09T22:19:22","date_gmt":"2014-01-09T20:19:22","guid":{"rendered":"http:\/\/veikot.kaustinen.fi\/2014\/01\/09\/moukarikarnevaalit-2014-kaustisella\/"},"modified":"2014-01-09T22:19:22","modified_gmt":"2014-01-09T20:19:22","slug":"moukarikarnevaalit-2014-kaustisella","status":"publish","type":"post","link":"http:\/\/veikot2.kaustinen.fi\/?p=22604","title":{"rendered":"Moukarikarnevaalit 2014 Kaustisella"},"content":{"rendered":"<p>Kaustisen Pohjan-Veikot j\u00e4rjest\u00e4\u00e4 ensi kes\u00e4n\u00e4 valtakunnalliset moukarikarnevaalit 16. kerran. <\/p>\n<p>Karnevaalien ajankohta on 26.-29.6.2014. Tapahtuma j\u00e4rjestet\u00e4\u00e4n Nikulan ravikeskuksessa.<\/p>\n<p>Moukarkarnevaalit on lajin koulutus- ja kilpailutapahtuma. <\/p>\n<p>Lis\u00e4tietoja: <\/p>\n<p>karnevaalien johtaja Pekka Nikula, 0400 815 198 ja seuran toimisto 040 522 8977. <\/p><\/p>\n","protected":false},"excerpt":{"rendered":"<p>Kaustisen Pohjan-Veikot j\u00e4rjest\u00e4\u00e4 ensi kes\u00e4n\u00e4 valtakunnalliset moukarikarnevaalit 16. kerran. Karnevaalien ajankohta on 26.-29.6.2014. Tapahtuma j\u00e4rjestet\u00e4\u00e4n Nikulan ravikeskuksessa. Moukarkarnevaalit on lajin koulutus- ja kilpailutapahtuma. Lis\u00e4tietoja: karnevaalien johtaja Pekka Nikula, 0400 815 198 ja seuran toimisto 040 522 8977.<\/p>\n","protected":false},"author":19,"featured_media":0,"comment_status":"open","ping_status":"open","sticky":false,"template":"","format":"standard","meta":{"footnotes":""},"categories":[603],"tags":[],"class_list":["post-22604","post","type-post","status-publish","format-standard","hentry","category-yleisurheilu"],"_links":{"self":[{"href":"http:\/\/veikot2.kaustinen.fi\/index.php?rest_route=\/wp\/v2\/posts\/22604","targetHints":{"allow":["GET"]}}],"collection":[{"href":"http:\/\/veikot2.kaustinen.fi\/index.php?rest_route=\/wp\/v2\/posts"}],"about":[{"href":"http:\/\/veikot2.kaustinen.fi\/index.php?rest_route=\/wp\/v2\/types\/post"}],"author":[{"embeddable":true,"href":"http:\/\/veikot2.kaustinen.fi\/index.php?rest_route=\/wp\/v2\/users\/19"}],"replies":[{"embeddable":true,"href":"http:\/\/veikot2.kaustinen.fi\/index.php?rest_route=%2Fwp%2Fv2%2Fcomments&post=22604"}],"version-history":[{"count":0,"href":"http:\/\/veikot2.kaustinen.fi\/index.php?rest_route=\/wp\/v2\/posts\/22604\/revisions"}],"wp:attachment":[{"href":"http:\/\/veikot2.kaustinen.fi\/index.php?rest_route=%2Fwp%2Fv2%2Fmedia&parent=22604"}],"wp:term":[{"taxonomy":"category","embeddable":true,"href":"http:\/\/veikot2.kaustinen.fi\/index.php?rest_route=%2Fwp%2Fv2%2Fcategories&post=22604"},{"taxonomy":"post_tag","embeddable":true,"href":"http:\/\/veikot2.kaustinen.fi\/index.php?rest_route=%2Fwp%2Fv2%2Ftags&post=22604"}],"curies":[{"name":"wp","href":"https:\/\/api.w.org\/{rel}","templated":true}]}}