{"id":22606,"date":"2014-01-12T15:58:35","date_gmt":"2014-01-12T13:58:35","guid":{"rendered":"http:\/\/veikot.kaustinen.fi\/2014\/01\/12\/elisa-heikkala-pukkasi-maan-karkeen\/"},"modified":"2014-01-12T15:58:35","modified_gmt":"2014-01-12T13:58:35","slug":"elisa-heikkala-pukkasi-maan-karkeen","status":"publish","type":"post","link":"http:\/\/veikot2.kaustinen.fi\/?p=22606","title":{"rendered":"Elisa Heikkala pukkasi maan k\u00e4rkeen"},"content":{"rendered":"<p>KP-V:n Elisa Heikkalan hyv\u00e4 kuulavire jatkuu. T\u00e4n\u00e4\u00e4n Himangan hallissa syntyi 2,5kg:n v\u00e4lineell\u00e4 T12 sarjan maan k\u00e4rkilukemat 9,74.<br \/>My\u00f6s kolmikiloinen kaarsi mukavasti tulokseen 8,91<\/p>\n<p><a href=\"http:\/\/www.flickr.com\/photos\/24223441@N02\/11906797753\/\" title=\". by matti.peltoniemi, on Flickr\"><img loading=\"lazy\" decoding=\"async\" src=\"http:\/\/farm8.staticflickr.com\/7363\/11906797753_74f3fcf4b5.jpg\" width=\"500\" height=\"466\" alt=\".\"><\/a><\/p>\n<p>JK. KP-V:n Maria J\u00e4\u00e4sk\u00e4 kilpaili eilen Nivalassa, saldona T11 sarjan piirin k\u00e4rkitulos 4,10 pituudessa<\/p>\n","protected":false},"excerpt":{"rendered":"<p>KP-V:n Elisa Heikkalan hyv\u00e4 kuulavire jatkuu. T\u00e4n\u00e4\u00e4n Himangan hallissa syntyi 2,5kg:n v\u00e4lineell\u00e4 T12 sarjan maan k\u00e4rkilukemat 9,74.My\u00f6s kolmikiloinen kaarsi mukavasti tulokseen 8,91 JK. KP-V:n Maria J\u00e4\u00e4sk\u00e4 kilpaili eilen Nivalassa, saldona T11 sarjan piirin k\u00e4rkitulos 4,10 pituudessa<\/p>\n","protected":false},"author":16,"featured_media":0,"comment_status":"open","ping_status":"open","sticky":false,"template":"","format":"standard","meta":{"footnotes":""},"categories":[603],"tags":[],"class_list":["post-22606","post","type-post","status-publish","format-standard","hentry","category-yleisurheilu"],"_links":{"self":[{"href":"http:\/\/veikot2.kaustinen.fi\/index.php?rest_route=\/wp\/v2\/posts\/22606","targetHints":{"allow":["GET"]}}],"collection":[{"href":"http:\/\/veikot2.kaustinen.fi\/index.php?rest_route=\/wp\/v2\/posts"}],"about":[{"href":"http:\/\/veikot2.kaustinen.fi\/index.php?rest_route=\/wp\/v2\/types\/post"}],"author":[{"embeddable":true,"href":"http:\/\/veikot2.kaustinen.fi\/index.php?rest_route=\/wp\/v2\/users\/16"}],"replies":[{"embeddable":true,"href":"http:\/\/veikot2.kaustinen.fi\/index.php?rest_route=%2Fwp%2Fv2%2Fcomments&post=22606"}],"version-history":[{"count":0,"href":"http:\/\/veikot2.kaustinen.fi\/index.php?rest_route=\/wp\/v2\/posts\/22606\/revisions"}],"wp:attachment":[{"href":"http:\/\/veikot2.kaustinen.fi\/index.php?rest_route=%2Fwp%2Fv2%2Fmedia&parent=22606"}],"wp:term":[{"taxonomy":"category","embeddable":true,"href":"http:\/\/veikot2.kaustinen.fi\/index.php?rest_route=%2Fwp%2Fv2%2Fcategories&post=22606"},{"taxonomy":"post_tag","embeddable":true,"href":"http:\/\/veikot2.kaustinen.fi\/index.php?rest_route=%2Fwp%2Fv2%2Ftags&post=22606"}],"curies":[{"name":"wp","href":"https:\/\/api.w.org\/{rel}","templated":true}]}}