{"id":23055,"date":"2014-02-01T11:30:00","date_gmt":"2014-02-01T09:30:00","guid":{"rendered":"http:\/\/veikot.kaustinen.fi\/2014\/kaustisen-pohjan-veikot-100-vuotta\/"},"modified":"2014-11-11T15:01:33","modified_gmt":"2014-11-11T12:01:33","slug":"kaustisen-pohjan-veikot-100-vuotta","status":"publish","type":"post","link":"http:\/\/veikot2.kaustinen.fi\/?p=23055","title":{"rendered":"Kaustisen Pohjan-Veikot 100 vuotta"},"content":{"rendered":"<p>T\u00e4n\u00e4\u00e4n 1. p\u00e4iv\u00e4n\u00e4 helmikuuta 2014 tulee kuluneeksi tasan 100 vuotta, kun kuusi kaustislaista nuorta kokoontui vanhalle nuorisoseuran talolle perustamaan urheiluseuraa.Otto K\u00e4ns\u00e4l\u00e4, KP-V:n 1. puheenjohtaja He olivat Otto K\u00e4ns\u00e4l\u00e4, h\u00e4nen serkkunsa Oiva K\u00e4ns\u00e4l\u00e4, Nestori Kainu sek\u00e4 kolme innokasta neitokaista Elina Varila, Emma Virkkala ja Lempi J\u00e4rvil\u00e4.<\/p>\n<div id=\"attachment_23528\" style=\"width: 160px\" class=\"wp-caption alignleft\"><a href=\"http:\/\/veikot.kaustinen.fi\/wp\/wp-content\/uploads\/2014\/02\/ottokansala.jpg\"><img loading=\"lazy\" decoding=\"async\" aria-describedby=\"caption-attachment-23528\" class=\"wp-image-23528 size-full\" src=\"http:\/\/veikot.kaustinen.fi\/wp\/wp-content\/uploads\/2014\/02\/ottokansala.jpg\" alt=\"ottokansala\" width=\"150\" height=\"185\" \/><\/a><p id=\"caption-attachment-23528\" class=\"wp-caption-text\">Otto K\u00e4ns\u00e4l\u00e4<\/p><\/div>\n<p>Kaikki tunsivat toisensa nuorisoseuratoiminnan kautta. Sen piiriss\u00e4 erityisesti K\u00e4ns\u00e4l\u00e4n serkukset olivat pohjustaneet seuran perustamista. Oiva K\u00e4ns\u00e4l\u00e4 oli jo ehtinyt edustaa Vetelin Yrityst\u00e4 ja juoksi hyvi\u00e4 aikoja 400 ja 800 metrill\u00e4. Oli hieman harmillista lukea lehdist\u00e4, ett\u00e4 Oivan nimen per\u00e4ss\u00e4 luki Vetelin Yritys, Otto sanoi my\u00f6hemmin.<\/p>\n<p>Seura sai nimekseen &#8221;Pohjanveikot&#8221; Oiva K\u00e4ns\u00e4l\u00e4n ehdotuksesta. T\u00e4m\u00e4n voittaneen ehdotuksen palkkioksi Oiva vapautettiin silt\u00e4 vuodelta 25 pennin j\u00e4senmaksulta. Ensimm\u00e4iseksi puheenjohtajaksi valittiin Otto K\u00e4ns\u00e4l\u00e4.<\/p>\n<p>T\u00e4n\u00e4\u00e4n KP-V edustajat k\u00e4iv\u00e4t laskemassa seppeleen Otto ja Oiva K\u00e4ns\u00e4l\u00e4n haudoille kunnioittaakseen n\u00e4in seuran perustajien muistoa.<\/p>\n<p><a href=\"http:\/\/veikot.kaustinen.fi\/wp\/wp-content\/uploads\/2014\/02\/KP-V_100v_tunnus_web.jpg\"><img loading=\"lazy\" decoding=\"async\" class=\"alignleft size-full wp-image-23529\" src=\"http:\/\/veikot.kaustinen.fi\/wp\/wp-content\/uploads\/2014\/02\/KP-V_100v_tunnus_web.jpg\" alt=\"KP-V_100v_tunnus_web\" width=\"350\" height=\"350\" srcset=\"http:\/\/veikot2.kaustinen.fi\/wp\/wp-content\/uploads\/2014\/02\/KP-V_100v_tunnus_web.jpg 350w, http:\/\/veikot2.kaustinen.fi\/wp\/wp-content\/uploads\/2014\/02\/KP-V_100v_tunnus_web-150x150.jpg 150w, http:\/\/veikot2.kaustinen.fi\/wp\/wp-content\/uploads\/2014\/02\/KP-V_100v_tunnus_web-300x300.jpg 300w\" sizes=\"auto, (max-width: 350px) 100vw, 350px\" \/><\/a><\/p>\n<p>KP-V:n juhlavuoden tunnuksen on tehnyt Kalle Nikula. T\u00e4t\u00e4 tunnusta seura k\u00e4ytt\u00e4\u00e4 juhlavuotenaan erilaisissa tapahtumissa ja p\u00e4\u00e4juhlassa, joka j\u00e4rjestet\u00e4\u00e4n lokakuussa Kansantaiteenkeskuksessa.<\/p>\n","protected":false},"excerpt":{"rendered":"<p>T\u00e4n\u00e4\u00e4n 1. p\u00e4iv\u00e4n\u00e4 helmikuuta 2014 tulee kuluneeksi tasan 100 vuotta, kun kuusi kaustislaista nuorta kokoontui vanhalle nuorisoseuran talolle perustamaan urheiluseuraa.Otto K\u00e4ns\u00e4l\u00e4, KP-V:n 1. puheenjohtaja He olivat Otto K\u00e4ns\u00e4l\u00e4, h\u00e4nen serkkunsa Oiva K\u00e4ns\u00e4l\u00e4, Nestori Kainu sek\u00e4 kolme innokasta neitokaista Elina Varila, Emma Virkkala ja Lempi J\u00e4rvil\u00e4. Kaikki tunsivat toisensa nuorisoseuratoiminnan kautta. Sen piiriss\u00e4 erityisesti K\u00e4ns\u00e4l\u00e4n serkukset [&hellip;]<\/p>\n","protected":false},"author":39,"featured_media":0,"comment_status":"open","ping_status":"open","sticky":false,"template":"","format":"standard","meta":{"footnotes":""},"categories":[1],"tags":[],"class_list":["post-23055","post","type-post","status-publish","format-standard","hentry","category-yleinen"],"_links":{"self":[{"href":"http:\/\/veikot2.kaustinen.fi\/index.php?rest_route=\/wp\/v2\/posts\/23055","targetHints":{"allow":["GET"]}}],"collection":[{"href":"http:\/\/veikot2.kaustinen.fi\/index.php?rest_route=\/wp\/v2\/posts"}],"about":[{"href":"http:\/\/veikot2.kaustinen.fi\/index.php?rest_route=\/wp\/v2\/types\/post"}],"author":[{"embeddable":true,"href":"http:\/\/veikot2.kaustinen.fi\/index.php?rest_route=\/wp\/v2\/users\/39"}],"replies":[{"embeddable":true,"href":"http:\/\/veikot2.kaustinen.fi\/index.php?rest_route=%2Fwp%2Fv2%2Fcomments&post=23055"}],"version-history":[{"count":2,"href":"http:\/\/veikot2.kaustinen.fi\/index.php?rest_route=\/wp\/v2\/posts\/23055\/revisions"}],"predecessor-version":[{"id":23530,"href":"http:\/\/veikot2.kaustinen.fi\/index.php?rest_route=\/wp\/v2\/posts\/23055\/revisions\/23530"}],"wp:attachment":[{"href":"http:\/\/veikot2.kaustinen.fi\/index.php?rest_route=%2Fwp%2Fv2%2Fmedia&parent=23055"}],"wp:term":[{"taxonomy":"category","embeddable":true,"href":"http:\/\/veikot2.kaustinen.fi\/index.php?rest_route=%2Fwp%2Fv2%2Fcategories&post=23055"},{"taxonomy":"post_tag","embeddable":true,"href":"http:\/\/veikot2.kaustinen.fi\/index.php?rest_route=%2Fwp%2Fv2%2Ftags&post=23055"}],"curies":[{"name":"wp","href":"https:\/\/api.w.org\/{rel}","templated":true}]}}