{"id":23074,"date":"2014-03-09T15:26:24","date_gmt":"2014-03-09T13:26:24","guid":{"rendered":"http:\/\/veikot.kaustinen.fi\/2014\/saana-peltola-neljas-nuorten-sm-hiihdoissa\/"},"modified":"2014-11-11T15:01:31","modified_gmt":"2014-11-11T12:01:31","slug":"saana-peltola-neljas-nuorten-sm-hiihdoissa","status":"publish","type":"post","link":"http:\/\/veikot2.kaustinen.fi\/?p=23074","title":{"rendered":"Saana Peltola nelj\u00e4s nuorten SM-hiihdoissa!"},"content":{"rendered":"<p>Kaustisen Pohjan-Veikkojen Saana Peltola hiihti N18 sarjan nelj\u00e4nneksi 10km vapaan hiihtotavan SM-kilpailussa Hyrynsalmella. 5km v\u00e4liaikapisteess\u00e4 h\u00e4n oli sijalla 6., mutta loppu sujui vauhdikkaasti ja lopputuloksena 4. sija.<\/p>\n<p>Hurjan paljon onnea hienosta hiihdosta! Sijoitus lienee seuran historian paras SM-tasolla.<\/p>\n<p>Kisasivut osoitteessa <a href=\"http:\/\/www.puolanganryhti.com\/sm-2014\/\">http:\/\/www.puolanganryhti.com\/sm-2014\/<\/a><\/p>\n","protected":false},"excerpt":{"rendered":"<p>Kaustisen Pohjan-Veikkojen Saana Peltola hiihti N18 sarjan nelj\u00e4nneksi 10km vapaan hiihtotavan SM-kilpailussa Hyrynsalmella. 5km v\u00e4liaikapisteess\u00e4 h\u00e4n oli sijalla 6., mutta loppu sujui vauhdikkaasti ja lopputuloksena 4. sija. Hurjan paljon onnea hienosta hiihdosta! Sijoitus lienee seuran historian paras SM-tasolla. Kisasivut osoitteessa http:\/\/www.puolanganryhti.com\/sm-2014\/<\/p>\n","protected":false},"author":39,"featured_media":0,"comment_status":"open","ping_status":"open","sticky":false,"template":"","format":"standard","meta":{"footnotes":""},"categories":[607],"tags":[],"class_list":["post-23074","post","type-post","status-publish","format-standard","hentry","category-hiihto"],"_links":{"self":[{"href":"http:\/\/veikot2.kaustinen.fi\/index.php?rest_route=\/wp\/v2\/posts\/23074","targetHints":{"allow":["GET"]}}],"collection":[{"href":"http:\/\/veikot2.kaustinen.fi\/index.php?rest_route=\/wp\/v2\/posts"}],"about":[{"href":"http:\/\/veikot2.kaustinen.fi\/index.php?rest_route=\/wp\/v2\/types\/post"}],"author":[{"embeddable":true,"href":"http:\/\/veikot2.kaustinen.fi\/index.php?rest_route=\/wp\/v2\/users\/39"}],"replies":[{"embeddable":true,"href":"http:\/\/veikot2.kaustinen.fi\/index.php?rest_route=%2Fwp%2Fv2%2Fcomments&post=23074"}],"version-history":[{"count":1,"href":"http:\/\/veikot2.kaustinen.fi\/index.php?rest_route=\/wp\/v2\/posts\/23074\/revisions"}],"predecessor-version":[{"id":24529,"href":"http:\/\/veikot2.kaustinen.fi\/index.php?rest_route=\/wp\/v2\/posts\/23074\/revisions\/24529"}],"wp:attachment":[{"href":"http:\/\/veikot2.kaustinen.fi\/index.php?rest_route=%2Fwp%2Fv2%2Fmedia&parent=23074"}],"wp:term":[{"taxonomy":"category","embeddable":true,"href":"http:\/\/veikot2.kaustinen.fi\/index.php?rest_route=%2Fwp%2Fv2%2Fcategories&post=23074"},{"taxonomy":"post_tag","embeddable":true,"href":"http:\/\/veikot2.kaustinen.fi\/index.php?rest_route=%2Fwp%2Fv2%2Ftags&post=23074"}],"curies":[{"name":"wp","href":"https:\/\/api.w.org\/{rel}","templated":true}]}}