{"id":23383,"date":"2014-04-13T14:37:06","date_gmt":"2014-04-13T12:37:06","guid":{"rendered":"http:\/\/veikot.kaustinen.fi\/2014\/testijuoksut-paattyivat-reittiennatyksiin\/"},"modified":"2014-04-13T14:37:06","modified_gmt":"2014-04-13T12:37:06","slug":"testijuoksut-paattyivat-reittiennatyksiin","status":"publish","type":"post","link":"http:\/\/veikot2.kaustinen.fi\/?p=23383","title":{"rendered":"Testijuoksut p\u00e4\u00e4ttyiv\u00e4t reittienn\u00e4tyksiin"},"content":{"rendered":"<p>Kuuden osakisan testijuoksusarja p\u00e4\u00e4ttyi t\u00e4n\u00e4\u00e4n Teerisell\u00e4 k\u00e4ytyyn p\u00e4\u00e4t\u00f6skisaan. \u00d6isen sateen pehmitt\u00e4m\u00e4ll\u00e4 reitill\u00e4 tehtiin kaksi enn\u00e4tyst\u00e4. Sami L\u00f6fbacka paransi miesten 5 kilometri\u00e4 aikaan 19.08, ja Vilja Peltoniemi vitonen kulki naisten k\u00e4rkiaikaan 22.11<\/p>\n<p>tarkempi analyysi &#8221;Masailussa&#8221;<\/p>\n","protected":false},"excerpt":{"rendered":"<p>Kuuden osakisan testijuoksusarja p\u00e4\u00e4ttyi t\u00e4n\u00e4\u00e4n Teerisell\u00e4 k\u00e4ytyyn p\u00e4\u00e4t\u00f6skisaan. \u00d6isen sateen pehmitt\u00e4m\u00e4ll\u00e4 reitill\u00e4 tehtiin kaksi enn\u00e4tyst\u00e4. Sami L\u00f6fbacka paransi miesten 5 kilometri\u00e4 aikaan 19.08, ja Vilja Peltoniemi vitonen kulki naisten k\u00e4rkiaikaan 22.11 tarkempi analyysi &#8221;Masailussa&#8221;<\/p>\n","protected":false},"author":16,"featured_media":0,"comment_status":"open","ping_status":"open","sticky":false,"template":"","format":"standard","meta":{"footnotes":""},"categories":[1],"tags":[],"class_list":["post-23383","post","type-post","status-publish","format-standard","hentry","category-yleinen"],"_links":{"self":[{"href":"http:\/\/veikot2.kaustinen.fi\/index.php?rest_route=\/wp\/v2\/posts\/23383","targetHints":{"allow":["GET"]}}],"collection":[{"href":"http:\/\/veikot2.kaustinen.fi\/index.php?rest_route=\/wp\/v2\/posts"}],"about":[{"href":"http:\/\/veikot2.kaustinen.fi\/index.php?rest_route=\/wp\/v2\/types\/post"}],"author":[{"embeddable":true,"href":"http:\/\/veikot2.kaustinen.fi\/index.php?rest_route=\/wp\/v2\/users\/16"}],"replies":[{"embeddable":true,"href":"http:\/\/veikot2.kaustinen.fi\/index.php?rest_route=%2Fwp%2Fv2%2Fcomments&post=23383"}],"version-history":[{"count":0,"href":"http:\/\/veikot2.kaustinen.fi\/index.php?rest_route=\/wp\/v2\/posts\/23383\/revisions"}],"wp:attachment":[{"href":"http:\/\/veikot2.kaustinen.fi\/index.php?rest_route=%2Fwp%2Fv2%2Fmedia&parent=23383"}],"wp:term":[{"taxonomy":"category","embeddable":true,"href":"http:\/\/veikot2.kaustinen.fi\/index.php?rest_route=%2Fwp%2Fv2%2Fcategories&post=23383"},{"taxonomy":"post_tag","embeddable":true,"href":"http:\/\/veikot2.kaustinen.fi\/index.php?rest_route=%2Fwp%2Fv2%2Ftags&post=23383"}],"curies":[{"name":"wp","href":"https:\/\/api.w.org\/{rel}","templated":true}]}}