{"id":23844,"date":"2014-06-11T16:24:56","date_gmt":"2014-06-11T13:24:56","guid":{"rendered":"http:\/\/veikot.kaustinen.fi\/?p=23844"},"modified":"2014-06-11T21:35:43","modified_gmt":"2014-06-11T18:35:43","slug":"moukarikarnevaaleilla-kilpaillaan-kolmena-paivana","status":"publish","type":"post","link":"http:\/\/veikot2.kaustinen.fi\/?p=23844","title":{"rendered":"Moukarikarnevaaleilla kilpaillaan kolmena p\u00e4iv\u00e4n\u00e4"},"content":{"rendered":"<p>Kaustisella 26.-29.6. pidett\u00e4vill\u00e4 moukarikarnevaaleilla kilpaillaan kolmena p\u00e4iv\u00e4n\u00e4.<\/p>\n<p>Ensimm\u00e4isen\u00e4 p\u00e4iv\u00e4n\u00e4 torstaina on nuorten ja lasten sarjojen kilpailut.<\/p>\n<p>Karnevaalien miesten ja naisten p\u00e4\u00e4kilpailut on perjantai-iltana.\u00a0 Viimeisen\u00e4 karnevaalip\u00e4iv\u00e4n\u00e4 sunnuntaina on viel\u00e4 B-kilpailut.<\/p>\n<p>Ilmoittautuminen karnevaalikilpailuihin tapahtuu 22.6. menness\u00e4.<\/p>\n<p>&nbsp;<\/p>\n","protected":false},"excerpt":{"rendered":"<p>Kaustisella 26.-29.6. pidett\u00e4vill\u00e4 moukarikarnevaaleilla kilpaillaan kolmena p\u00e4iv\u00e4n\u00e4. Ensimm\u00e4isen\u00e4 p\u00e4iv\u00e4n\u00e4 torstaina on nuorten ja lasten sarjojen kilpailut. Karnevaalien miesten ja naisten p\u00e4\u00e4kilpailut on perjantai-iltana.\u00a0 Viimeisen\u00e4 karnevaalip\u00e4iv\u00e4n\u00e4 sunnuntaina on viel\u00e4 B-kilpailut. Ilmoittautuminen karnevaalikilpailuihin tapahtuu 22.6. menness\u00e4. &nbsp;<\/p>\n","protected":false},"author":19,"featured_media":0,"comment_status":"open","ping_status":"open","sticky":false,"template":"","format":"standard","meta":{"footnotes":""},"categories":[1,603],"tags":[3333],"class_list":["post-23844","post","type-post","status-publish","format-standard","hentry","category-yleinen","category-yleisurheilu","tag-moukarikarnevaalit"],"_links":{"self":[{"href":"http:\/\/veikot2.kaustinen.fi\/index.php?rest_route=\/wp\/v2\/posts\/23844","targetHints":{"allow":["GET"]}}],"collection":[{"href":"http:\/\/veikot2.kaustinen.fi\/index.php?rest_route=\/wp\/v2\/posts"}],"about":[{"href":"http:\/\/veikot2.kaustinen.fi\/index.php?rest_route=\/wp\/v2\/types\/post"}],"author":[{"embeddable":true,"href":"http:\/\/veikot2.kaustinen.fi\/index.php?rest_route=\/wp\/v2\/users\/19"}],"replies":[{"embeddable":true,"href":"http:\/\/veikot2.kaustinen.fi\/index.php?rest_route=%2Fwp%2Fv2%2Fcomments&post=23844"}],"version-history":[{"count":1,"href":"http:\/\/veikot2.kaustinen.fi\/index.php?rest_route=\/wp\/v2\/posts\/23844\/revisions"}],"predecessor-version":[{"id":23845,"href":"http:\/\/veikot2.kaustinen.fi\/index.php?rest_route=\/wp\/v2\/posts\/23844\/revisions\/23845"}],"wp:attachment":[{"href":"http:\/\/veikot2.kaustinen.fi\/index.php?rest_route=%2Fwp%2Fv2%2Fmedia&parent=23844"}],"wp:term":[{"taxonomy":"category","embeddable":true,"href":"http:\/\/veikot2.kaustinen.fi\/index.php?rest_route=%2Fwp%2Fv2%2Fcategories&post=23844"},{"taxonomy":"post_tag","embeddable":true,"href":"http:\/\/veikot2.kaustinen.fi\/index.php?rest_route=%2Fwp%2Fv2%2Ftags&post=23844"}],"curies":[{"name":"wp","href":"https:\/\/api.w.org\/{rel}","templated":true}]}}