{"id":23915,"date":"2014-06-18T18:24:29","date_gmt":"2014-06-18T15:24:29","guid":{"rendered":"http:\/\/veikot.kaustinen.fi\/?p=23915"},"modified":"2014-06-27T13:50:42","modified_gmt":"2014-06-27T10:50:42","slug":"david-soderberg-ja-tuomas-seppanen-ovat-ylittaneet-em-kisarajan","status":"publish","type":"post","link":"http:\/\/veikot2.kaustinen.fi\/?p=23915","title":{"rendered":"David S\u00f6derberg ja Tuomas Sepp\u00e4nen ovat ylitt\u00e4neet EM-kisarajan"},"content":{"rendered":"<p>IF VOM:n David S\u00f6derberg ja Noormarkun Nopsan Tuomas Sepp\u00e4nen ovat ylitt\u00e4neet EM-kisarajan t\u00e4ll\u00e4 kaudella.<\/p>\n<p>S\u00f6derberg on heitt\u00e4nyt kotimaisen tilaston k\u00e4rkipaikalle tuloksella 75.34. Tuomas Sepp\u00e4sen on tilastossa toisena tuloksella 73.54.<\/p>\n<p>Miesten EM-kisaraja on 73.50.<\/p>\n","protected":false},"excerpt":{"rendered":"<p>IF VOM:n David S\u00f6derberg ja Noormarkun Nopsan Tuomas Sepp\u00e4nen ovat ylitt\u00e4neet EM-kisarajan t\u00e4ll\u00e4 kaudella. S\u00f6derberg on heitt\u00e4nyt kotimaisen tilaston k\u00e4rkipaikalle tuloksella 75.34. Tuomas Sepp\u00e4sen on tilastossa toisena tuloksella 73.54. Miesten EM-kisaraja on 73.50.<\/p>\n","protected":false},"author":19,"featured_media":0,"comment_status":"open","ping_status":"open","sticky":false,"template":"","format":"standard","meta":{"footnotes":""},"categories":[603],"tags":[],"class_list":["post-23915","post","type-post","status-publish","format-standard","hentry","category-yleisurheilu"],"_links":{"self":[{"href":"http:\/\/veikot2.kaustinen.fi\/index.php?rest_route=\/wp\/v2\/posts\/23915","targetHints":{"allow":["GET"]}}],"collection":[{"href":"http:\/\/veikot2.kaustinen.fi\/index.php?rest_route=\/wp\/v2\/posts"}],"about":[{"href":"http:\/\/veikot2.kaustinen.fi\/index.php?rest_route=\/wp\/v2\/types\/post"}],"author":[{"embeddable":true,"href":"http:\/\/veikot2.kaustinen.fi\/index.php?rest_route=\/wp\/v2\/users\/19"}],"replies":[{"embeddable":true,"href":"http:\/\/veikot2.kaustinen.fi\/index.php?rest_route=%2Fwp%2Fv2%2Fcomments&post=23915"}],"version-history":[{"count":1,"href":"http:\/\/veikot2.kaustinen.fi\/index.php?rest_route=\/wp\/v2\/posts\/23915\/revisions"}],"predecessor-version":[{"id":23916,"href":"http:\/\/veikot2.kaustinen.fi\/index.php?rest_route=\/wp\/v2\/posts\/23915\/revisions\/23916"}],"wp:attachment":[{"href":"http:\/\/veikot2.kaustinen.fi\/index.php?rest_route=%2Fwp%2Fv2%2Fmedia&parent=23915"}],"wp:term":[{"taxonomy":"category","embeddable":true,"href":"http:\/\/veikot2.kaustinen.fi\/index.php?rest_route=%2Fwp%2Fv2%2Fcategories&post=23915"},{"taxonomy":"post_tag","embeddable":true,"href":"http:\/\/veikot2.kaustinen.fi\/index.php?rest_route=%2Fwp%2Fv2%2Ftags&post=23915"}],"curies":[{"name":"wp","href":"https:\/\/api.w.org\/{rel}","templated":true}]}}