{"id":23917,"date":"2014-06-18T23:23:07","date_gmt":"2014-06-18T20:23:07","guid":{"rendered":"http:\/\/veikot.kaustinen.fi\/?p=23917"},"modified":"2014-06-27T13:49:51","modified_gmt":"2014-06-27T10:49:51","slug":"kp-vn-tytoille-viesti-kultaa","status":"publish","type":"post","link":"http:\/\/veikot2.kaustinen.fi\/?p=23917","title":{"rendered":"KP-V:n tyt\u00f6ille viesti-kultaa"},"content":{"rendered":"<p><a title=\". by matti peltoniemi, on Flickr\" href=\"https:\/\/www.flickr.com\/photos\/111309906@N08\/14473934103\"><img loading=\"lazy\" decoding=\"async\" class=\"alignright\" src=\"https:\/\/farm6.staticflickr.com\/5485\/14473934103_759a52b329_o.jpg\" alt=\".\" width=\"359\" height=\"275\" \/><\/a><br \/>\nKaustisen Pohjan &#8211; Veikkojen nelikko Maria J\u00e4\u00e4sk\u00e4, Emma Kolehmainen, Viivi Korpela, Veera Huntus yll\u00e4tti perusteellisesti juoksemalla t\u00e4n\u00e4\u00e4n Nivalassa T11 sarjan piirinmestaruuteen 4 x600m viestiss\u00e4.<\/p>\n<p>&nbsp;<\/p>\n<p>&nbsp;<\/p>\n<p>Seuran mitalitili t\u00e4ydentyi\u00a015-vuotiaitten poikien \u00a0pronssilla 4x100m:ll\u00e4.<\/p>\n<p>&nbsp;<\/p>\n","protected":false},"excerpt":{"rendered":"<p>Kaustisen Pohjan &#8211; Veikkojen nelikko Maria J\u00e4\u00e4sk\u00e4, Emma Kolehmainen, Viivi Korpela, Veera Huntus yll\u00e4tti perusteellisesti juoksemalla t\u00e4n\u00e4\u00e4n Nivalassa T11 sarjan piirinmestaruuteen 4 x600m viestiss\u00e4. &nbsp; &nbsp; Seuran mitalitili t\u00e4ydentyi\u00a015-vuotiaitten poikien \u00a0pronssilla 4x100m:ll\u00e4. &nbsp;<\/p>\n","protected":false},"author":16,"featured_media":0,"comment_status":"open","ping_status":"open","sticky":false,"template":"","format":"standard","meta":{"footnotes":""},"categories":[1,603],"tags":[],"class_list":["post-23917","post","type-post","status-publish","format-standard","hentry","category-yleinen","category-yleisurheilu"],"_links":{"self":[{"href":"http:\/\/veikot2.kaustinen.fi\/index.php?rest_route=\/wp\/v2\/posts\/23917","targetHints":{"allow":["GET"]}}],"collection":[{"href":"http:\/\/veikot2.kaustinen.fi\/index.php?rest_route=\/wp\/v2\/posts"}],"about":[{"href":"http:\/\/veikot2.kaustinen.fi\/index.php?rest_route=\/wp\/v2\/types\/post"}],"author":[{"embeddable":true,"href":"http:\/\/veikot2.kaustinen.fi\/index.php?rest_route=\/wp\/v2\/users\/16"}],"replies":[{"embeddable":true,"href":"http:\/\/veikot2.kaustinen.fi\/index.php?rest_route=%2Fwp%2Fv2%2Fcomments&post=23917"}],"version-history":[{"count":4,"href":"http:\/\/veikot2.kaustinen.fi\/index.php?rest_route=\/wp\/v2\/posts\/23917\/revisions"}],"predecessor-version":[{"id":23925,"href":"http:\/\/veikot2.kaustinen.fi\/index.php?rest_route=\/wp\/v2\/posts\/23917\/revisions\/23925"}],"wp:attachment":[{"href":"http:\/\/veikot2.kaustinen.fi\/index.php?rest_route=%2Fwp%2Fv2%2Fmedia&parent=23917"}],"wp:term":[{"taxonomy":"category","embeddable":true,"href":"http:\/\/veikot2.kaustinen.fi\/index.php?rest_route=%2Fwp%2Fv2%2Fcategories&post=23917"},{"taxonomy":"post_tag","embeddable":true,"href":"http:\/\/veikot2.kaustinen.fi\/index.php?rest_route=%2Fwp%2Fv2%2Ftags&post=23917"}],"curies":[{"name":"wp","href":"https:\/\/api.w.org\/{rel}","templated":true}]}}