{"id":24056,"date":"2014-07-26T17:44:32","date_gmt":"2014-07-26T14:44:32","guid":{"rendered":"http:\/\/veikot.kaustinen.fi\/?p=24056"},"modified":"2014-07-26T20:26:50","modified_gmt":"2014-07-26T17:26:50","slug":"viljalle-aluemestaruus-pronssia","status":"publish","type":"post","link":"http:\/\/veikot2.kaustinen.fi\/?p=24056","title":{"rendered":"Viljalle aluemestaruus-pronssia"},"content":{"rendered":"<p><a title=\". by matti peltoniemi, on Flickr\" href=\"https:\/\/www.flickr.com\/photos\/111309906@N08\/14726203076\"><img loading=\"lazy\" decoding=\"async\" class=\"alignright\" src=\"https:\/\/farm6.staticflickr.com\/5575\/14726203076_e9cca89518_n.jpg\" alt=\".\" width=\"320\" height=\"227\" \/><\/a><br \/>\nVilja Peltoniemi juoksi t\u00e4n\u00e4\u00e4n Lappaj\u00e4rvell\u00e4 k\u00e4ytyjen aluemestaruuskisojen pronssille N17:n 1500 metrill\u00e4. Voittoon juoksi Saarij\u00e4rven Inna Anttila 5.06,45.\u00a0Loppusuoran kirikamppailussa\u00a0toiseksi nousi \u00c4ht\u00e4rin Maija Tukeva\u00a0kellottaen 5.12,03\u00a0ja Vilja\u00a0kolmanneksi omalla enn\u00e4tyksell\u00e4\u00e4n 5.12,22.<\/p>\n<p>My\u00f6s Hanna Pulkkinen oli hienossa vireess\u00e4. N17:n korkeudessa tuli nelj\u00e4s sija omaa enn\u00e4tyst\u00e4 sivuten numeroin 1,55.<\/p>\n","protected":false},"excerpt":{"rendered":"<p>Vilja Peltoniemi juoksi t\u00e4n\u00e4\u00e4n Lappaj\u00e4rvell\u00e4 k\u00e4ytyjen aluemestaruuskisojen pronssille N17:n 1500 metrill\u00e4. Voittoon juoksi Saarij\u00e4rven Inna Anttila 5.06,45.\u00a0Loppusuoran kirikamppailussa\u00a0toiseksi nousi \u00c4ht\u00e4rin Maija Tukeva\u00a0kellottaen 5.12,03\u00a0ja Vilja\u00a0kolmanneksi omalla enn\u00e4tyksell\u00e4\u00e4n 5.12,22. My\u00f6s Hanna Pulkkinen oli hienossa vireess\u00e4. N17:n korkeudessa tuli nelj\u00e4s sija omaa enn\u00e4tyst\u00e4 sivuten numeroin 1,55.<\/p>\n","protected":false},"author":16,"featured_media":0,"comment_status":"open","ping_status":"open","sticky":false,"template":"","format":"standard","meta":{"footnotes":""},"categories":[1],"tags":[],"class_list":["post-24056","post","type-post","status-publish","format-standard","hentry","category-yleinen"],"_links":{"self":[{"href":"http:\/\/veikot2.kaustinen.fi\/index.php?rest_route=\/wp\/v2\/posts\/24056","targetHints":{"allow":["GET"]}}],"collection":[{"href":"http:\/\/veikot2.kaustinen.fi\/index.php?rest_route=\/wp\/v2\/posts"}],"about":[{"href":"http:\/\/veikot2.kaustinen.fi\/index.php?rest_route=\/wp\/v2\/types\/post"}],"author":[{"embeddable":true,"href":"http:\/\/veikot2.kaustinen.fi\/index.php?rest_route=\/wp\/v2\/users\/16"}],"replies":[{"embeddable":true,"href":"http:\/\/veikot2.kaustinen.fi\/index.php?rest_route=%2Fwp%2Fv2%2Fcomments&post=24056"}],"version-history":[{"count":3,"href":"http:\/\/veikot2.kaustinen.fi\/index.php?rest_route=\/wp\/v2\/posts\/24056\/revisions"}],"predecessor-version":[{"id":24059,"href":"http:\/\/veikot2.kaustinen.fi\/index.php?rest_route=\/wp\/v2\/posts\/24056\/revisions\/24059"}],"wp:attachment":[{"href":"http:\/\/veikot2.kaustinen.fi\/index.php?rest_route=%2Fwp%2Fv2%2Fmedia&parent=24056"}],"wp:term":[{"taxonomy":"category","embeddable":true,"href":"http:\/\/veikot2.kaustinen.fi\/index.php?rest_route=%2Fwp%2Fv2%2Fcategories&post=24056"},{"taxonomy":"post_tag","embeddable":true,"href":"http:\/\/veikot2.kaustinen.fi\/index.php?rest_route=%2Fwp%2Fv2%2Ftags&post=24056"}],"curies":[{"name":"wp","href":"https:\/\/api.w.org\/{rel}","templated":true}]}}