{"id":24060,"date":"2014-07-26T21:42:51","date_gmt":"2014-07-26T18:42:51","guid":{"rendered":"http:\/\/veikot.kaustinen.fi\/?p=24060"},"modified":"2014-08-01T14:47:44","modified_gmt":"2014-08-01T11:47:44","slug":"julia-heitti-piirinennatyksen-2","status":"publish","type":"post","link":"http:\/\/veikot2.kaustinen.fi\/?p=24060","title":{"rendered":"Julia heitti piirinenn\u00e4tyksen"},"content":{"rendered":"<p>Julia Kivinen heitti t\u00e4n\u00e4\u00e4n Kalajoella alkaneessa piirihuipentumassa uuden piirinenn\u00e4tyksen T13:n moukarissa, kun 2,5 kiloinen kaartui komeisiin lukemiin 46,49.<\/p>\n","protected":false},"excerpt":{"rendered":"<p>Julia Kivinen heitti t\u00e4n\u00e4\u00e4n Kalajoella alkaneessa piirihuipentumassa uuden piirinenn\u00e4tyksen T13:n moukarissa, kun 2,5 kiloinen kaartui komeisiin lukemiin 46,49.<\/p>\n","protected":false},"author":16,"featured_media":0,"comment_status":"open","ping_status":"open","sticky":false,"template":"","format":"standard","meta":{"footnotes":""},"categories":[603],"tags":[],"class_list":["post-24060","post","type-post","status-publish","format-standard","hentry","category-yleisurheilu"],"_links":{"self":[{"href":"http:\/\/veikot2.kaustinen.fi\/index.php?rest_route=\/wp\/v2\/posts\/24060","targetHints":{"allow":["GET"]}}],"collection":[{"href":"http:\/\/veikot2.kaustinen.fi\/index.php?rest_route=\/wp\/v2\/posts"}],"about":[{"href":"http:\/\/veikot2.kaustinen.fi\/index.php?rest_route=\/wp\/v2\/types\/post"}],"author":[{"embeddable":true,"href":"http:\/\/veikot2.kaustinen.fi\/index.php?rest_route=\/wp\/v2\/users\/16"}],"replies":[{"embeddable":true,"href":"http:\/\/veikot2.kaustinen.fi\/index.php?rest_route=%2Fwp%2Fv2%2Fcomments&post=24060"}],"version-history":[{"count":1,"href":"http:\/\/veikot2.kaustinen.fi\/index.php?rest_route=\/wp\/v2\/posts\/24060\/revisions"}],"predecessor-version":[{"id":24061,"href":"http:\/\/veikot2.kaustinen.fi\/index.php?rest_route=\/wp\/v2\/posts\/24060\/revisions\/24061"}],"wp:attachment":[{"href":"http:\/\/veikot2.kaustinen.fi\/index.php?rest_route=%2Fwp%2Fv2%2Fmedia&parent=24060"}],"wp:term":[{"taxonomy":"category","embeddable":true,"href":"http:\/\/veikot2.kaustinen.fi\/index.php?rest_route=%2Fwp%2Fv2%2Fcategories&post=24060"},{"taxonomy":"post_tag","embeddable":true,"href":"http:\/\/veikot2.kaustinen.fi\/index.php?rest_route=%2Fwp%2Fv2%2Ftags&post=24060"}],"curies":[{"name":"wp","href":"https:\/\/api.w.org\/{rel}","templated":true}]}}