{"id":24238,"date":"2014-08-24T20:05:01","date_gmt":"2014-08-24T17:05:01","guid":{"rendered":"http:\/\/veikot.kaustinen.fi\/?p=24238"},"modified":"2014-08-24T20:05:01","modified_gmt":"2014-08-24T17:05:01","slug":"eemil-kuudenneksi-raisiossa","status":"publish","type":"post","link":"http:\/\/veikot2.kaustinen.fi\/?p=24238","title":{"rendered":"Eemil kuudenneksi Raisiossa"},"content":{"rendered":"<p>KP-V:n Eemil Ali-Haapala vastasi seuran parhaasta SM-kisasijoituksesta kuluvana viikonloppuna hyp\u00e4ten Raisiossa seip\u00e4\u00e4ss\u00e4 tuloksen 320, joka oikeutti kuudenteen sijaan.\u00a0 Pituutdessa askelmerkkiongelmien kanssa kamppaillut Eemil sai tuloksekseen 482. Seuratoveri Atte Ahola hypp\u00e4si ensimm\u00e4isiss\u00e4 arvokisoissaan komeasti l\u00e4helle enn\u00e4tyst\u00e4\u00e4n numeroin 471.<\/p>\n<p>Vilja Peltoniemi urakoi viikonvaihteen aikana Kotkassa\u00a0kaksi pitk\u00e4\u00e4 juoksumatkaa. Ensimm\u00e4inen tilastomerkint\u00e4 3000 m:n matkalla radalla aikaan 11.44,83 oikeutti hienosti Viljan sijalle 7. 1500m:n matkalla Vilja paransi enn\u00e4tyst\u00e4\u00e4n yli sekunnilla aikaan 5.11,01, sill\u00e4 hieno 8. sija.<\/p>\n<p>Ensimm\u00e4isiss\u00e4 arvokisoissaan Raisiossa kilpaillut Minna L\u00e4sp\u00e4 juoksi 2000m aikaan 7.37,91. Minna onnistui parantamaan enn\u00e4tyst\u00e4\u00e4n per\u00e4ti yli 5 sekuntia.<\/p>\n<p>&nbsp;<\/p>\n","protected":false},"excerpt":{"rendered":"<p>KP-V:n Eemil Ali-Haapala vastasi seuran parhaasta SM-kisasijoituksesta kuluvana viikonloppuna hyp\u00e4ten Raisiossa seip\u00e4\u00e4ss\u00e4 tuloksen 320, joka oikeutti kuudenteen sijaan.\u00a0 Pituutdessa askelmerkkiongelmien kanssa kamppaillut Eemil sai tuloksekseen 482. Seuratoveri Atte Ahola hypp\u00e4si ensimm\u00e4isiss\u00e4 arvokisoissaan komeasti l\u00e4helle enn\u00e4tyst\u00e4\u00e4n numeroin 471. Vilja Peltoniemi urakoi viikonvaihteen aikana Kotkassa\u00a0kaksi pitk\u00e4\u00e4 juoksumatkaa. Ensimm\u00e4inen tilastomerkint\u00e4 3000 m:n matkalla radalla aikaan 11.44,83 oikeutti hienosti [&hellip;]<\/p>\n","protected":false},"author":36,"featured_media":0,"comment_status":"open","ping_status":"open","sticky":false,"template":"","format":"standard","meta":{"footnotes":""},"categories":[603],"tags":[3339],"class_list":["post-24238","post","type-post","status-publish","format-standard","hentry","category-yleisurheilu","tag-yleisurheilu-2"],"_links":{"self":[{"href":"http:\/\/veikot2.kaustinen.fi\/index.php?rest_route=\/wp\/v2\/posts\/24238","targetHints":{"allow":["GET"]}}],"collection":[{"href":"http:\/\/veikot2.kaustinen.fi\/index.php?rest_route=\/wp\/v2\/posts"}],"about":[{"href":"http:\/\/veikot2.kaustinen.fi\/index.php?rest_route=\/wp\/v2\/types\/post"}],"author":[{"embeddable":true,"href":"http:\/\/veikot2.kaustinen.fi\/index.php?rest_route=\/wp\/v2\/users\/36"}],"replies":[{"embeddable":true,"href":"http:\/\/veikot2.kaustinen.fi\/index.php?rest_route=%2Fwp%2Fv2%2Fcomments&post=24238"}],"version-history":[{"count":1,"href":"http:\/\/veikot2.kaustinen.fi\/index.php?rest_route=\/wp\/v2\/posts\/24238\/revisions"}],"predecessor-version":[{"id":24239,"href":"http:\/\/veikot2.kaustinen.fi\/index.php?rest_route=\/wp\/v2\/posts\/24238\/revisions\/24239"}],"wp:attachment":[{"href":"http:\/\/veikot2.kaustinen.fi\/index.php?rest_route=%2Fwp%2Fv2%2Fmedia&parent=24238"}],"wp:term":[{"taxonomy":"category","embeddable":true,"href":"http:\/\/veikot2.kaustinen.fi\/index.php?rest_route=%2Fwp%2Fv2%2Fcategories&post=24238"},{"taxonomy":"post_tag","embeddable":true,"href":"http:\/\/veikot2.kaustinen.fi\/index.php?rest_route=%2Fwp%2Fv2%2Ftags&post=24238"}],"curies":[{"name":"wp","href":"https:\/\/api.w.org\/{rel}","templated":true}]}}