{"id":25684,"date":"2015-05-14T19:09:37","date_gmt":"2015-05-14T17:09:37","guid":{"rendered":"http:\/\/veikot.kaustinen.fi\/?p=25684"},"modified":"2015-05-14T19:10:32","modified_gmt":"2015-05-14T17:10:32","slug":"sk-pohjantahti-suunnisti-kp-viestin-voittoon","status":"publish","type":"post","link":"http:\/\/veikot2.kaustinen.fi\/?p=25684","title":{"rendered":"SK Pohjant\u00e4hti suunnisti KP-viestin voittoon"},"content":{"rendered":"<p>Oululainen suunnistusseura SK Pohjant\u00e4hti juoksi t\u00e4n\u00e4\u00e4n Salonkyl\u00e4ss\u00e4 k\u00e4ydyss\u00e4 Keskipohjanmaa-viestiss\u00e4 selv\u00e4\u00e4n voittoon ennen Kokkolan Suunnistajien kakkosjoukkuetta.<br \/>\nHaapaj\u00e4rvinen RasTiimi hallitsi suvereenisti naisten kisan, hopea t\u00e4ss\u00e4kin kisassa Kokkolaan.<br \/>\n<a title=\"tatjana by matti.peltoniemi, on Flickr\" href=\"https:\/\/www.flickr.com\/photos\/24223441@N02\/17455545129\"><img loading=\"lazy\" decoding=\"async\" src=\"https:\/\/c1.staticflickr.com\/9\/8711\/17455545129_2767066fea_z.jpg\" alt=\"tatjana\" width=\"640\" height=\"464\" \/><\/a><br \/>\nNaisten viestin aloitusosuudelta k\u00e4rjess\u00e4 saapui Vetelin Tatjana Eskolin, joka kuvassa l\u00e4hett\u00e4\u00e4 Miia Pakkalan kakkososuudelle<\/p>\n<p>&nbsp;<\/p>\n<p>&nbsp;<\/p>\n","protected":false},"excerpt":{"rendered":"<p>Oululainen suunnistusseura SK Pohjant\u00e4hti juoksi t\u00e4n\u00e4\u00e4n Salonkyl\u00e4ss\u00e4 k\u00e4ydyss\u00e4 Keskipohjanmaa-viestiss\u00e4 selv\u00e4\u00e4n voittoon ennen Kokkolan Suunnistajien kakkosjoukkuetta. Haapaj\u00e4rvinen RasTiimi hallitsi suvereenisti naisten kisan, hopea t\u00e4ss\u00e4kin kisassa Kokkolaan. Naisten viestin aloitusosuudelta k\u00e4rjess\u00e4 saapui Vetelin Tatjana Eskolin, joka kuvassa l\u00e4hett\u00e4\u00e4 Miia Pakkalan kakkososuudelle &nbsp; &nbsp;<\/p>\n","protected":false},"author":16,"featured_media":0,"comment_status":"open","ping_status":"open","sticky":false,"template":"","format":"standard","meta":{"footnotes":""},"categories":[1],"tags":[],"class_list":["post-25684","post","type-post","status-publish","format-standard","hentry","category-yleinen"],"_links":{"self":[{"href":"http:\/\/veikot2.kaustinen.fi\/index.php?rest_route=\/wp\/v2\/posts\/25684","targetHints":{"allow":["GET"]}}],"collection":[{"href":"http:\/\/veikot2.kaustinen.fi\/index.php?rest_route=\/wp\/v2\/posts"}],"about":[{"href":"http:\/\/veikot2.kaustinen.fi\/index.php?rest_route=\/wp\/v2\/types\/post"}],"author":[{"embeddable":true,"href":"http:\/\/veikot2.kaustinen.fi\/index.php?rest_route=\/wp\/v2\/users\/16"}],"replies":[{"embeddable":true,"href":"http:\/\/veikot2.kaustinen.fi\/index.php?rest_route=%2Fwp%2Fv2%2Fcomments&post=25684"}],"version-history":[{"count":1,"href":"http:\/\/veikot2.kaustinen.fi\/index.php?rest_route=\/wp\/v2\/posts\/25684\/revisions"}],"predecessor-version":[{"id":25685,"href":"http:\/\/veikot2.kaustinen.fi\/index.php?rest_route=\/wp\/v2\/posts\/25684\/revisions\/25685"}],"wp:attachment":[{"href":"http:\/\/veikot2.kaustinen.fi\/index.php?rest_route=%2Fwp%2Fv2%2Fmedia&parent=25684"}],"wp:term":[{"taxonomy":"category","embeddable":true,"href":"http:\/\/veikot2.kaustinen.fi\/index.php?rest_route=%2Fwp%2Fv2%2Fcategories&post=25684"},{"taxonomy":"post_tag","embeddable":true,"href":"http:\/\/veikot2.kaustinen.fi\/index.php?rest_route=%2Fwp%2Fv2%2Ftags&post=25684"}],"curies":[{"name":"wp","href":"https:\/\/api.w.org\/{rel}","templated":true}]}}