{"id":26023,"date":"2015-08-05T21:50:57","date_gmt":"2015-08-05T19:50:57","guid":{"rendered":"http:\/\/veikot.kaustinen.fi\/?p=26023"},"modified":"2015-08-05T21:51:31","modified_gmt":"2015-08-05T19:51:31","slug":"kp-v-voitti-piirikisan-myos-vetelissa","status":"publish","type":"post","link":"http:\/\/veikot2.kaustinen.fi\/?p=26023","title":{"rendered":"KP-V voitti piirikisan my\u00f6s Veteliss\u00e4"},"content":{"rendered":"<p><a title=\"DSC_0045\" href=\"https:\/\/www.flickr.com\/photos\/24223441@N02\/19702946503\/in\/dateposted-public\/\"><img loading=\"lazy\" decoding=\"async\" class=\"alignleft\" src=\"https:\/\/farm1.staticflickr.com\/466\/19702946503_a3c3e72502.jpg\" alt=\"DSC_0045\" width=\"350\" height=\"314\" \/><\/a><br \/>\nKaustisen nuoret vy\u00f6ryiv\u00e4t my\u00f6s t\u00e4n\u00e4\u00e4n Veteliss\u00e4 k\u00e4ydyn toisen Vattenfall-osakisan voittoon, KP-V:n komeat voittopisteet 10523, toisen sijan vei Kalajoki 9889 ja kolmantena K\u00e4lvi\u00e4 6305 pistett\u00e4. Kaustinen on menossa kirkkaasti finaaliin.<\/p>\n<p>Veera Huntus (kuva) toi KP-V:lle k\u00e4velypisteit\u00e4<\/p>\n","protected":false},"excerpt":{"rendered":"<p>Kaustisen nuoret vy\u00f6ryiv\u00e4t my\u00f6s t\u00e4n\u00e4\u00e4n Veteliss\u00e4 k\u00e4ydyn toisen Vattenfall-osakisan voittoon, KP-V:n komeat voittopisteet 10523, toisen sijan vei Kalajoki 9889 ja kolmantena K\u00e4lvi\u00e4 6305 pistett\u00e4. Kaustinen on menossa kirkkaasti finaaliin. Veera Huntus (kuva) toi KP-V:lle k\u00e4velypisteit\u00e4<\/p>\n","protected":false},"author":16,"featured_media":0,"comment_status":"open","ping_status":"open","sticky":false,"template":"","format":"standard","meta":{"footnotes":""},"categories":[1],"tags":[],"class_list":["post-26023","post","type-post","status-publish","format-standard","hentry","category-yleinen"],"_links":{"self":[{"href":"http:\/\/veikot2.kaustinen.fi\/index.php?rest_route=\/wp\/v2\/posts\/26023","targetHints":{"allow":["GET"]}}],"collection":[{"href":"http:\/\/veikot2.kaustinen.fi\/index.php?rest_route=\/wp\/v2\/posts"}],"about":[{"href":"http:\/\/veikot2.kaustinen.fi\/index.php?rest_route=\/wp\/v2\/types\/post"}],"author":[{"embeddable":true,"href":"http:\/\/veikot2.kaustinen.fi\/index.php?rest_route=\/wp\/v2\/users\/16"}],"replies":[{"embeddable":true,"href":"http:\/\/veikot2.kaustinen.fi\/index.php?rest_route=%2Fwp%2Fv2%2Fcomments&post=26023"}],"version-history":[{"count":1,"href":"http:\/\/veikot2.kaustinen.fi\/index.php?rest_route=\/wp\/v2\/posts\/26023\/revisions"}],"predecessor-version":[{"id":26024,"href":"http:\/\/veikot2.kaustinen.fi\/index.php?rest_route=\/wp\/v2\/posts\/26023\/revisions\/26024"}],"wp:attachment":[{"href":"http:\/\/veikot2.kaustinen.fi\/index.php?rest_route=%2Fwp%2Fv2%2Fmedia&parent=26023"}],"wp:term":[{"taxonomy":"category","embeddable":true,"href":"http:\/\/veikot2.kaustinen.fi\/index.php?rest_route=%2Fwp%2Fv2%2Fcategories&post=26023"},{"taxonomy":"post_tag","embeddable":true,"href":"http:\/\/veikot2.kaustinen.fi\/index.php?rest_route=%2Fwp%2Fv2%2Ftags&post=26023"}],"curies":[{"name":"wp","href":"https:\/\/api.w.org\/{rel}","templated":true}]}}