{"id":26240,"date":"2015-09-27T17:13:51","date_gmt":"2015-09-27T14:13:51","guid":{"rendered":"http:\/\/veikot.kaustinen.fi\/?p=26240"},"modified":"2015-09-27T17:18:03","modified_gmt":"2015-09-27T14:18:03","slug":"heli-jokela-heitti-piirinennatyksen","status":"publish","type":"post","link":"http:\/\/veikot2.kaustinen.fi\/?p=26240","title":{"rendered":"Heli Jokela heitti piirinenn\u00e4tyksen"},"content":{"rendered":"<p><a title=\"DSC_0099\" href=\"https:\/\/www.flickr.com\/photos\/24223441@N02\/21766428861\/in\/dateposted-public\/\"><img loading=\"lazy\" decoding=\"async\" class=\"alignright\" src=\"https:\/\/farm6.staticflickr.com\/5715\/21766428861_49380cc4d2.jpg\" alt=\"DSC_0099\" width=\"326\" height=\"350\" \/><\/a><br \/>\nKP-V:n Heli Jokela heitti t\u00e4n\u00e4\u00e4n Veteliss\u00e4 k\u00e4ydyiss\u00e4 aluekisoissa keih\u00e4\u00e4ss\u00e4 uuden naisten piirinenn\u00e4tyksen 48,67. Tulos ylitt\u00e4\u00e4 Heli Rutasen 11 vuotta sitten tekem\u00e4n entisen enn\u00e4tyksen 33 sentill\u00e4. Samalla rikkoutui my\u00f6s Rutasen jo 13 vuotta sitten heitt\u00e4m\u00e4 sarjan N22 enn\u00e4tys puolellatoista metrill\u00e4.<\/p>\n","protected":false},"excerpt":{"rendered":"<p>KP-V:n Heli Jokela heitti t\u00e4n\u00e4\u00e4n Veteliss\u00e4 k\u00e4ydyiss\u00e4 aluekisoissa keih\u00e4\u00e4ss\u00e4 uuden naisten piirinenn\u00e4tyksen 48,67. Tulos ylitt\u00e4\u00e4 Heli Rutasen 11 vuotta sitten tekem\u00e4n entisen enn\u00e4tyksen 33 sentill\u00e4. Samalla rikkoutui my\u00f6s Rutasen jo 13 vuotta sitten heitt\u00e4m\u00e4 sarjan N22 enn\u00e4tys puolellatoista metrill\u00e4.<\/p>\n","protected":false},"author":16,"featured_media":0,"comment_status":"open","ping_status":"open","sticky":false,"template":"","format":"standard","meta":{"footnotes":""},"categories":[1],"tags":[],"class_list":["post-26240","post","type-post","status-publish","format-standard","hentry","category-yleinen"],"_links":{"self":[{"href":"http:\/\/veikot2.kaustinen.fi\/index.php?rest_route=\/wp\/v2\/posts\/26240","targetHints":{"allow":["GET"]}}],"collection":[{"href":"http:\/\/veikot2.kaustinen.fi\/index.php?rest_route=\/wp\/v2\/posts"}],"about":[{"href":"http:\/\/veikot2.kaustinen.fi\/index.php?rest_route=\/wp\/v2\/types\/post"}],"author":[{"embeddable":true,"href":"http:\/\/veikot2.kaustinen.fi\/index.php?rest_route=\/wp\/v2\/users\/16"}],"replies":[{"embeddable":true,"href":"http:\/\/veikot2.kaustinen.fi\/index.php?rest_route=%2Fwp%2Fv2%2Fcomments&post=26240"}],"version-history":[{"count":3,"href":"http:\/\/veikot2.kaustinen.fi\/index.php?rest_route=\/wp\/v2\/posts\/26240\/revisions"}],"predecessor-version":[{"id":26243,"href":"http:\/\/veikot2.kaustinen.fi\/index.php?rest_route=\/wp\/v2\/posts\/26240\/revisions\/26243"}],"wp:attachment":[{"href":"http:\/\/veikot2.kaustinen.fi\/index.php?rest_route=%2Fwp%2Fv2%2Fmedia&parent=26240"}],"wp:term":[{"taxonomy":"category","embeddable":true,"href":"http:\/\/veikot2.kaustinen.fi\/index.php?rest_route=%2Fwp%2Fv2%2Fcategories&post=26240"},{"taxonomy":"post_tag","embeddable":true,"href":"http:\/\/veikot2.kaustinen.fi\/index.php?rest_route=%2Fwp%2Fv2%2Ftags&post=26240"}],"curies":[{"name":"wp","href":"https:\/\/api.w.org\/{rel}","templated":true}]}}