{"id":26301,"date":"2015-10-24T08:05:16","date_gmt":"2015-10-24T05:05:16","guid":{"rendered":"http:\/\/veikot.kaustinen.fi\/?p=26301"},"modified":"2015-10-24T08:05:16","modified_gmt":"2015-10-24T05:05:16","slug":"sami-lofbacka-yo-cupin-ykkonen","status":"publish","type":"post","link":"http:\/\/veikot2.kaustinen.fi\/?p=26301","title":{"rendered":"Sami L\u00f6fbacka y\u00f6-cupin ykk\u00f6nen"},"content":{"rendered":"<p><a title=\"DSC_0062\" href=\"https:\/\/www.flickr.com\/photos\/24223441@N02\/21805531023\/in\/dateposted-public\/\"><img loading=\"lazy\" decoding=\"async\" class=\"alignright\" src=\"https:\/\/farm6.staticflickr.com\/5676\/21805531023_67409498ac.jpg\" alt=\"DSC_0062\" width=\"350\" height=\"306\" \/><\/a><br \/>\nKPV:n Sami L\u00f6fbacka nousi K\u00f6yh\u00e4joella p\u00e4\u00e4ttyneen viisi osakilpailua sis\u00e4lt\u00e4neen y\u00f6-cupin mestariksi. Nelj\u00e4\u00e4n osakisaan osallistunut A.ratoja suunnistanut L\u00f6fbacka saavutti kaksi voittoa ja yhteens\u00e4 91 pistett\u00e4.<br \/>\nEilisen M\u00e4ntymajan maastossa k\u00e4ydyss\u00e4 finaalissa Sami oli toinen, kun voittoon juoksi entisiss\u00e4 kotimaastoissaan kilpaillut Tero Myllym\u00e4ki.<\/p>\n","protected":false},"excerpt":{"rendered":"<p>KPV:n Sami L\u00f6fbacka nousi K\u00f6yh\u00e4joella p\u00e4\u00e4ttyneen viisi osakilpailua sis\u00e4lt\u00e4neen y\u00f6-cupin mestariksi. Nelj\u00e4\u00e4n osakisaan osallistunut A.ratoja suunnistanut L\u00f6fbacka saavutti kaksi voittoa ja yhteens\u00e4 91 pistett\u00e4. Eilisen M\u00e4ntymajan maastossa k\u00e4ydyss\u00e4 finaalissa Sami oli toinen, kun voittoon juoksi entisiss\u00e4 kotimaastoissaan kilpaillut Tero Myllym\u00e4ki.<\/p>\n","protected":false},"author":16,"featured_media":0,"comment_status":"open","ping_status":"open","sticky":false,"template":"","format":"standard","meta":{"footnotes":""},"categories":[1],"tags":[],"class_list":["post-26301","post","type-post","status-publish","format-standard","hentry","category-yleinen"],"_links":{"self":[{"href":"http:\/\/veikot2.kaustinen.fi\/index.php?rest_route=\/wp\/v2\/posts\/26301","targetHints":{"allow":["GET"]}}],"collection":[{"href":"http:\/\/veikot2.kaustinen.fi\/index.php?rest_route=\/wp\/v2\/posts"}],"about":[{"href":"http:\/\/veikot2.kaustinen.fi\/index.php?rest_route=\/wp\/v2\/types\/post"}],"author":[{"embeddable":true,"href":"http:\/\/veikot2.kaustinen.fi\/index.php?rest_route=\/wp\/v2\/users\/16"}],"replies":[{"embeddable":true,"href":"http:\/\/veikot2.kaustinen.fi\/index.php?rest_route=%2Fwp%2Fv2%2Fcomments&post=26301"}],"version-history":[{"count":1,"href":"http:\/\/veikot2.kaustinen.fi\/index.php?rest_route=\/wp\/v2\/posts\/26301\/revisions"}],"predecessor-version":[{"id":26302,"href":"http:\/\/veikot2.kaustinen.fi\/index.php?rest_route=\/wp\/v2\/posts\/26301\/revisions\/26302"}],"wp:attachment":[{"href":"http:\/\/veikot2.kaustinen.fi\/index.php?rest_route=%2Fwp%2Fv2%2Fmedia&parent=26301"}],"wp:term":[{"taxonomy":"category","embeddable":true,"href":"http:\/\/veikot2.kaustinen.fi\/index.php?rest_route=%2Fwp%2Fv2%2Fcategories&post=26301"},{"taxonomy":"post_tag","embeddable":true,"href":"http:\/\/veikot2.kaustinen.fi\/index.php?rest_route=%2Fwp%2Fv2%2Ftags&post=26301"}],"curies":[{"name":"wp","href":"https:\/\/api.w.org\/{rel}","templated":true}]}}