{"id":26324,"date":"2015-11-05T11:30:32","date_gmt":"2015-11-05T08:30:32","guid":{"rendered":"http:\/\/veikot.kaustinen.fi\/?p=26324"},"modified":"2015-11-05T11:30:32","modified_gmt":"2015-11-05T08:30:32","slug":"hiihtoasujen-tilaus","status":"publish","type":"post","link":"http:\/\/veikot2.kaustinen.fi\/?p=26324","title":{"rendered":"Hiihtoasujen tilaus"},"content":{"rendered":"<p>Jos olet kiinnostunut tilamaan tulevalle talvelle hiihdon l\u00e4mmittelyasuja tai kisa-asuja niin ole pikaisesti yhteydess\u00e4 Petri K\u00e4ns\u00e4l\u00e4\u00e4n, tilaukset tehd\u00e4\u00e4n pian.<\/p>\n<p>Petrin yhteistiedot:<\/p>\n<p>&#112;&#x65;t&#x72;i&#46;&#x6b;&#97;&#x6e;s&#97;&#x6c;&#97;&#x40;g&#x6d;&#x61;&#105;&#x6c;&#46;&#x63;o&#109;<\/p>\n<p>0442139406<\/p>\n","protected":false},"excerpt":{"rendered":"<p>Jos olet kiinnostunut tilamaan tulevalle talvelle hiihdon l\u00e4mmittelyasuja tai kisa-asuja niin ole pikaisesti yhteydess\u00e4 Petri K\u00e4ns\u00e4l\u00e4\u00e4n, tilaukset tehd\u00e4\u00e4n pian. Petrin yhteistiedot: pe&#116;&#114;&#105;&#46;&#x6b;&#x61;&#x6e;&#x73;&#x61;la&#64;&#103;&#109;&#97;&#x69;&#x6c;&#x2e;&#x63;&#x6f;m 0442139406<\/p>\n","protected":false},"author":31,"featured_media":0,"comment_status":"open","ping_status":"open","sticky":false,"template":"","format":"standard","meta":{"footnotes":""},"categories":[1],"tags":[],"class_list":["post-26324","post","type-post","status-publish","format-standard","hentry","category-yleinen"],"_links":{"self":[{"href":"http:\/\/veikot2.kaustinen.fi\/index.php?rest_route=\/wp\/v2\/posts\/26324","targetHints":{"allow":["GET"]}}],"collection":[{"href":"http:\/\/veikot2.kaustinen.fi\/index.php?rest_route=\/wp\/v2\/posts"}],"about":[{"href":"http:\/\/veikot2.kaustinen.fi\/index.php?rest_route=\/wp\/v2\/types\/post"}],"author":[{"embeddable":true,"href":"http:\/\/veikot2.kaustinen.fi\/index.php?rest_route=\/wp\/v2\/users\/31"}],"replies":[{"embeddable":true,"href":"http:\/\/veikot2.kaustinen.fi\/index.php?rest_route=%2Fwp%2Fv2%2Fcomments&post=26324"}],"version-history":[{"count":1,"href":"http:\/\/veikot2.kaustinen.fi\/index.php?rest_route=\/wp\/v2\/posts\/26324\/revisions"}],"predecessor-version":[{"id":26325,"href":"http:\/\/veikot2.kaustinen.fi\/index.php?rest_route=\/wp\/v2\/posts\/26324\/revisions\/26325"}],"wp:attachment":[{"href":"http:\/\/veikot2.kaustinen.fi\/index.php?rest_route=%2Fwp%2Fv2%2Fmedia&parent=26324"}],"wp:term":[{"taxonomy":"category","embeddable":true,"href":"http:\/\/veikot2.kaustinen.fi\/index.php?rest_route=%2Fwp%2Fv2%2Fcategories&post=26324"},{"taxonomy":"post_tag","embeddable":true,"href":"http:\/\/veikot2.kaustinen.fi\/index.php?rest_route=%2Fwp%2Fv2%2Ftags&post=26324"}],"curies":[{"name":"wp","href":"https:\/\/api.w.org\/{rel}","templated":true}]}}