{"id":26407,"date":"2015-12-14T21:16:45","date_gmt":"2015-12-14T18:16:45","guid":{"rendered":"http:\/\/veikot.kaustinen.fi\/?p=26407"},"modified":"2016-01-25T23:53:22","modified_gmt":"2016-01-25T20:53:22","slug":"jukolan-ja-venlojen-viesti-18-19-6-2016","status":"publish","type":"post","link":"http:\/\/veikot2.kaustinen.fi\/?p=26407","title":{"rendered":"Jukolan ja Venlojen viesti Lappeenrannassa 18.-19.6.2016"},"content":{"rendered":"<p>Ilmoittautuminen Lappee-Jukolaan Lappeenrantaan 18.-19.6.2016<br \/>\non mahdollista <strong>ilman lis\u00e4maksuja<\/strong> tammikuun loppuun menness\u00e4.<\/p>\n<p>Ilmoita, jos olet kiinnostunut osallistumaan Venlojen tai Jukolan viestiin.<br \/>\nLopulliset joukkueet valitaan ilmoittautuneiden joukosta toukokuun aikana.<br \/>\nMik\u00e4li m\u00e4\u00e4r\u00e4t eiv\u00e4t mene tasan, kaikille varataan kuitenkin osuus muihin l\u00e4hialueen yhteisiin joukkueisiin.<\/p>\n<p>KP-V:lle on jo varattu 4 kpl 10&#215;10 m:n telttapaikkaa, numerot A0826, A0827, A0842, A0843.<\/p>\n<p>Huom. Tammikuussa on ilmoitettu 2 Jukolan ja 2 Venlojen joukkuetta.<\/p>\n<p>Terveisin<br \/>\nKP-V, suunnistusjaosto<\/p>\n","protected":false},"excerpt":{"rendered":"<p>Ilmoittautuminen Lappee-Jukolaan Lappeenrantaan 18.-19.6.2016 on mahdollista ilman lis\u00e4maksuja tammikuun loppuun menness\u00e4. Ilmoita, jos olet kiinnostunut osallistumaan Venlojen tai Jukolan viestiin. Lopulliset joukkueet valitaan ilmoittautuneiden joukosta toukokuun aikana. Mik\u00e4li m\u00e4\u00e4r\u00e4t eiv\u00e4t mene tasan, kaikille varataan kuitenkin osuus muihin l\u00e4hialueen yhteisiin joukkueisiin. KP-V:lle on jo varattu 4 kpl 10&#215;10 m:n telttapaikkaa, numerot A0826, A0827, A0842, A0843. Huom. [&hellip;]<\/p>\n","protected":false},"author":32,"featured_media":0,"comment_status":"closed","ping_status":"open","sticky":false,"template":"","format":"standard","meta":{"footnotes":""},"categories":[604],"tags":[],"class_list":["post-26407","post","type-post","status-publish","format-standard","hentry","category-suunnistus"],"_links":{"self":[{"href":"http:\/\/veikot2.kaustinen.fi\/index.php?rest_route=\/wp\/v2\/posts\/26407","targetHints":{"allow":["GET"]}}],"collection":[{"href":"http:\/\/veikot2.kaustinen.fi\/index.php?rest_route=\/wp\/v2\/posts"}],"about":[{"href":"http:\/\/veikot2.kaustinen.fi\/index.php?rest_route=\/wp\/v2\/types\/post"}],"author":[{"embeddable":true,"href":"http:\/\/veikot2.kaustinen.fi\/index.php?rest_route=\/wp\/v2\/users\/32"}],"replies":[{"embeddable":true,"href":"http:\/\/veikot2.kaustinen.fi\/index.php?rest_route=%2Fwp%2Fv2%2Fcomments&post=26407"}],"version-history":[{"count":10,"href":"http:\/\/veikot2.kaustinen.fi\/index.php?rest_route=\/wp\/v2\/posts\/26407\/revisions"}],"predecessor-version":[{"id":26531,"href":"http:\/\/veikot2.kaustinen.fi\/index.php?rest_route=\/wp\/v2\/posts\/26407\/revisions\/26531"}],"wp:attachment":[{"href":"http:\/\/veikot2.kaustinen.fi\/index.php?rest_route=%2Fwp%2Fv2%2Fmedia&parent=26407"}],"wp:term":[{"taxonomy":"category","embeddable":true,"href":"http:\/\/veikot2.kaustinen.fi\/index.php?rest_route=%2Fwp%2Fv2%2Fcategories&post=26407"},{"taxonomy":"post_tag","embeddable":true,"href":"http:\/\/veikot2.kaustinen.fi\/index.php?rest_route=%2Fwp%2Fv2%2Ftags&post=26407"}],"curies":[{"name":"wp","href":"https:\/\/api.w.org\/{rel}","templated":true}]}}