{"id":26466,"date":"2016-01-05T15:21:44","date_gmt":"2016-01-05T12:21:44","guid":{"rendered":"http:\/\/veikot.kaustinen.fi\/?p=26466"},"modified":"2016-03-26T21:04:09","modified_gmt":"2016-03-26T19:04:09","slug":"perhonjokilaakso-cup-2016","status":"publish","type":"post","link":"http:\/\/veikot2.kaustinen.fi\/?p=26466","title":{"rendered":"Perhonjokilaakso Cup"},"content":{"rendered":"<p>Viimeinen osakilpailu 23.3. Perhossa klo 18.30 (V), Huom. muuttunut p\u00e4iv\u00e4 ja aika.<\/p>\n<p>Ilmoittautumiset j\u00e4rjest\u00e4v\u00e4lle seuralle ma klo 21.00 menness\u00e4.<br \/>\nKisat alkavat klo 18.30. Pakkasraja -15 astetta.<br \/>\nTieto mahdollisista muutoksista l\u00f6ytyy j\u00e4rjest\u00e4v\u00e4n seuran sivuilta.<\/p>\n<p>Cup-pisteet kertyv\u00e4t 8.parhaalle (1. 10pist. 2. 8pist. 3. 6pist. 4. 5pist. jne.)<br \/>\nKolmen osakilpailun pisteet lasketaan mukaan.<\/p>\n<p>Kaikki palkitaan 12-vuoteen saakka. Vanhemmissa sarjoissa kolme parasta palkitaan.<\/p>\n<p>27.1.2016 Kaustinen \/ Perinteinen<br \/>\n17.2.2016 Halsua \/ Vapaa<br \/>\n9.3.2016 Veteli \/ Perinteinen<br \/>\n<strong>23.3.<\/strong>2016 Perho \/ Vapaa &#8211; Lis\u00e4tietoja <a href=\"http:\/\/perhonkiri.sporttisaitti.com\/hiihto\/\">Perhon Kirin sivuilla<\/a><\/p>\n<p>J\u00e4rjest\u00e4v\u00e4t seurat: Halsuan Toivo, Kaustisen Pohjan-Veikot, Perhon Kiri ja Vetelin Urheilijat<br \/>\nTervetuloa!<\/p>\n","protected":false},"excerpt":{"rendered":"<p>Viimeinen osakilpailu 23.3. Perhossa klo 18.30 (V), Huom. muuttunut p\u00e4iv\u00e4 ja aika. Ilmoittautumiset j\u00e4rjest\u00e4v\u00e4lle seuralle ma klo 21.00 menness\u00e4. Kisat alkavat klo 18.30. Pakkasraja -15 astetta. Tieto mahdollisista muutoksista l\u00f6ytyy j\u00e4rjest\u00e4v\u00e4n seuran sivuilta. Cup-pisteet kertyv\u00e4t 8.parhaalle (1. 10pist. 2. 8pist. 3. 6pist. 4. 5pist. jne.) Kolmen osakilpailun pisteet lasketaan mukaan. Kaikki palkitaan 12-vuoteen saakka. Vanhemmissa [&hellip;]<\/p>\n","protected":false},"author":31,"featured_media":0,"comment_status":"open","ping_status":"open","sticky":false,"template":"","format":"standard","meta":{"footnotes":""},"categories":[1],"tags":[],"class_list":["post-26466","post","type-post","status-publish","format-standard","hentry","category-yleinen"],"_links":{"self":[{"href":"http:\/\/veikot2.kaustinen.fi\/index.php?rest_route=\/wp\/v2\/posts\/26466","targetHints":{"allow":["GET"]}}],"collection":[{"href":"http:\/\/veikot2.kaustinen.fi\/index.php?rest_route=\/wp\/v2\/posts"}],"about":[{"href":"http:\/\/veikot2.kaustinen.fi\/index.php?rest_route=\/wp\/v2\/types\/post"}],"author":[{"embeddable":true,"href":"http:\/\/veikot2.kaustinen.fi\/index.php?rest_route=\/wp\/v2\/users\/31"}],"replies":[{"embeddable":true,"href":"http:\/\/veikot2.kaustinen.fi\/index.php?rest_route=%2Fwp%2Fv2%2Fcomments&post=26466"}],"version-history":[{"count":20,"href":"http:\/\/veikot2.kaustinen.fi\/index.php?rest_route=\/wp\/v2\/posts\/26466\/revisions"}],"predecessor-version":[{"id":26736,"href":"http:\/\/veikot2.kaustinen.fi\/index.php?rest_route=\/wp\/v2\/posts\/26466\/revisions\/26736"}],"wp:attachment":[{"href":"http:\/\/veikot2.kaustinen.fi\/index.php?rest_route=%2Fwp%2Fv2%2Fmedia&parent=26466"}],"wp:term":[{"taxonomy":"category","embeddable":true,"href":"http:\/\/veikot2.kaustinen.fi\/index.php?rest_route=%2Fwp%2Fv2%2Fcategories&post=26466"},{"taxonomy":"post_tag","embeddable":true,"href":"http:\/\/veikot2.kaustinen.fi\/index.php?rest_route=%2Fwp%2Fv2%2Ftags&post=26466"}],"curies":[{"name":"wp","href":"https:\/\/api.w.org\/{rel}","templated":true}]}}