{"id":26827,"date":"2016-03-22T17:33:58","date_gmt":"2016-03-22T15:33:58","guid":{"rendered":"http:\/\/veikot.kaustinen.fi\/?p=26827"},"modified":"2016-03-22T17:33:58","modified_gmt":"2016-03-22T15:33:58","slug":"talvinen-mtb-iltalenkki-keskiviikkona-23-3-2016","status":"publish","type":"post","link":"http:\/\/veikot2.kaustinen.fi\/?p=26827","title":{"rendered":"Talvinen MTB iltalenkki keskiviikkona 23.3.2016"},"content":{"rendered":"<p>L\u00e4ht\u00f6 Kaustisen urheilutalon pihasta klo 17.15.<\/p>\n<p>Ajamme porukassa y\u00f6pakkasten kovettamia kelkkauria ja ulkoilureittej\u00e4 Kaustisella; Puhkion, Virkkalan ja J\u00e4rvel\u00e4n alueella.<\/p>\n<p>Mit\u00e4 leve\u00e4mm\u00e4t \u201drenkaat\u201d sen parempi.<\/p>\n<p>Urheilutalon saunat l\u00e4mpimin\u00e4 lenkin p\u00e4\u00e4tteeksi!<\/p>\n<p>Jos olet kiinnostunut puolentoista &#8211; parin tunnin maastopy\u00f6r\u00e4lenkist\u00e4, tule mukaan! <\/p>\n<p>t. KP-V \/ MTB-aktiivit, tiedustelut; v&#101;&#x69;&#x6b;o&#116;&#46;&#x6a;&#x75;d&#111;&#x40;&#x6b;a&#117;&#115;&#x74;&#x69;n&#101;&#x6e;&#x2e;f&#105; <\/p>\n","protected":false},"excerpt":{"rendered":"<p>L\u00e4ht\u00f6 Kaustisen urheilutalon pihasta klo 17.15. Ajamme porukassa y\u00f6pakkasten kovettamia kelkkauria ja ulkoilureittej\u00e4 Kaustisella; Puhkion, Virkkalan ja J\u00e4rvel\u00e4n alueella. Mit\u00e4 leve\u00e4mm\u00e4t \u201drenkaat\u201d sen parempi. Urheilutalon saunat l\u00e4mpimin\u00e4 lenkin p\u00e4\u00e4tteeksi! Jos olet kiinnostunut puolentoista &#8211; parin tunnin maastopy\u00f6r\u00e4lenkist\u00e4, tule mukaan! t. KP-V \/ MTB-aktiivit, tiedustelut; &#118;&#101;&#x69;k&#111;&#x74;&#x2e;j&#117;&#x64;&#x6f;&#64;&#107;&#x61;&#x75;s&#116;&#x69;&#x6e;e&#110;&#x2e;&#x66;i<\/p>\n","protected":false},"author":31,"featured_media":0,"comment_status":"open","ping_status":"open","sticky":false,"template":"","format":"standard","meta":{"footnotes":""},"categories":[1],"tags":[],"class_list":["post-26827","post","type-post","status-publish","format-standard","hentry","category-yleinen"],"_links":{"self":[{"href":"http:\/\/veikot2.kaustinen.fi\/index.php?rest_route=\/wp\/v2\/posts\/26827","targetHints":{"allow":["GET"]}}],"collection":[{"href":"http:\/\/veikot2.kaustinen.fi\/index.php?rest_route=\/wp\/v2\/posts"}],"about":[{"href":"http:\/\/veikot2.kaustinen.fi\/index.php?rest_route=\/wp\/v2\/types\/post"}],"author":[{"embeddable":true,"href":"http:\/\/veikot2.kaustinen.fi\/index.php?rest_route=\/wp\/v2\/users\/31"}],"replies":[{"embeddable":true,"href":"http:\/\/veikot2.kaustinen.fi\/index.php?rest_route=%2Fwp%2Fv2%2Fcomments&post=26827"}],"version-history":[{"count":1,"href":"http:\/\/veikot2.kaustinen.fi\/index.php?rest_route=\/wp\/v2\/posts\/26827\/revisions"}],"predecessor-version":[{"id":26828,"href":"http:\/\/veikot2.kaustinen.fi\/index.php?rest_route=\/wp\/v2\/posts\/26827\/revisions\/26828"}],"wp:attachment":[{"href":"http:\/\/veikot2.kaustinen.fi\/index.php?rest_route=%2Fwp%2Fv2%2Fmedia&parent=26827"}],"wp:term":[{"taxonomy":"category","embeddable":true,"href":"http:\/\/veikot2.kaustinen.fi\/index.php?rest_route=%2Fwp%2Fv2%2Fcategories&post=26827"},{"taxonomy":"post_tag","embeddable":true,"href":"http:\/\/veikot2.kaustinen.fi\/index.php?rest_route=%2Fwp%2Fv2%2Ftags&post=26827"}],"curies":[{"name":"wp","href":"https:\/\/api.w.org\/{rel}","templated":true}]}}