{"id":22002,"date":"2010-10-11T13:30:02","date_gmt":"2010-10-11T11:30:02","guid":{"rendered":"http:\/\/veikot.kaustinen.fi\/2010\/10\/11\/penttila-ja-lehto-em-valmennusryhmaan\/"},"modified":"2010-10-11T13:30:02","modified_gmt":"2010-10-11T11:30:02","slug":"penttila-ja-lehto-em-valmennusryhmaan","status":"publish","type":"post","link":"https:\/\/veikot2.kaustinen.fi\/?p=22002","title":{"rendered":"Penttil\u00e4 ja Lehto EM-valmennusryhm\u00e4\u00e4n"},"content":{"rendered":"<p>Kaustisen Pohjan-Veikkojen moukarinheitt\u00e4j\u00e4t Jenni Penttil\u00e4 sek\u00e4 Jesse Lehto on valittu Suomen Urheiluliiton EM-valmennusryhm\u00e4\u00e4n. Ryhm\u00e4t koostuvat Suomen yleisurheilun tulevaisuuden t\u00e4hdist\u00e4 ja leiritykset alkavat Pajulahden uusissa tiloissa. Onnittelut sek\u00e4 eritt\u00e4in hyv\u00e4\u00e4 harjoittelukautta molemmille heitt\u00e4jille.<\/p>\n<p>Koko ryhm\u00e4n n\u00e4et t\u00e4st\u00e4 linkist\u00e4: <a href=\"http:\/\/www.sul.fi\/index.php?sivutunniste=1&#038;sivuitem=98&#038;riviavain=78&#038;newsitem=6353\">http:\/\/www.sul.fi\/index.php?sivutunniste=1&#038;sivuitem=98&#038;riviavain=78&#038;newsitem=6353<\/a><\/p>\n","protected":false},"excerpt":{"rendered":"<p>Kaustisen Pohjan-Veikkojen moukarinheitt\u00e4j\u00e4t Jenni Penttil\u00e4 sek\u00e4 Jesse Lehto on valittu Suomen Urheiluliiton EM-valmennusryhm\u00e4\u00e4n. Ryhm\u00e4t koostuvat Suomen yleisurheilun tulevaisuuden t\u00e4hdist\u00e4 ja leiritykset alkavat Pajulahden uusissa tiloissa. Onnittelut sek\u00e4 eritt\u00e4in hyv\u00e4\u00e4 harjoittelukautta molemmille heitt\u00e4jille. Koko ryhm\u00e4n n\u00e4et t\u00e4st\u00e4 linkist\u00e4: http:\/\/www.sul.fi\/index.php?sivutunniste=1&#038;sivuitem=98&#038;riviavain=78&#038;newsitem=6353<\/p>\n","protected":false},"author":17,"featured_media":0,"comment_status":"open","ping_status":"open","sticky":false,"template":"","format":"standard","meta":{"footnotes":""},"categories":[603],"tags":[],"class_list":["post-22002","post","type-post","status-publish","format-standard","hentry","category-yleisurheilu"],"_links":{"self":[{"href":"https:\/\/veikot2.kaustinen.fi\/index.php?rest_route=\/wp\/v2\/posts\/22002","targetHints":{"allow":["GET"]}}],"collection":[{"href":"https:\/\/veikot2.kaustinen.fi\/index.php?rest_route=\/wp\/v2\/posts"}],"about":[{"href":"https:\/\/veikot2.kaustinen.fi\/index.php?rest_route=\/wp\/v2\/types\/post"}],"author":[{"embeddable":true,"href":"https:\/\/veikot2.kaustinen.fi\/index.php?rest_route=\/wp\/v2\/users\/17"}],"replies":[{"embeddable":true,"href":"https:\/\/veikot2.kaustinen.fi\/index.php?rest_route=%2Fwp%2Fv2%2Fcomments&post=22002"}],"version-history":[{"count":0,"href":"https:\/\/veikot2.kaustinen.fi\/index.php?rest_route=\/wp\/v2\/posts\/22002\/revisions"}],"wp:attachment":[{"href":"https:\/\/veikot2.kaustinen.fi\/index.php?rest_route=%2Fwp%2Fv2%2Fmedia&parent=22002"}],"wp:term":[{"taxonomy":"category","embeddable":true,"href":"https:\/\/veikot2.kaustinen.fi\/index.php?rest_route=%2Fwp%2Fv2%2Fcategories&post=22002"},{"taxonomy":"post_tag","embeddable":true,"href":"https:\/\/veikot2.kaustinen.fi\/index.php?rest_route=%2Fwp%2Fv2%2Ftags&post=22002"}],"curies":[{"name":"wp","href":"https:\/\/api.w.org\/{rel}","templated":true}]}}