{"id":22009,"date":"2010-11-24T09:52:25","date_gmt":"2010-11-24T07:52:25","guid":{"rendered":"http:\/\/veikot.kaustinen.fi\/2010\/11\/24\/jalkapallokausi-paatokseen-2\/"},"modified":"2010-11-24T09:52:25","modified_gmt":"2010-11-24T07:52:25","slug":"jalkapallokausi-paatokseen-2","status":"publish","type":"post","link":"https:\/\/veikot2.kaustinen.fi\/?p=22009","title":{"rendered":"Jalkapallokausi p\u00e4\u00e4t\u00f6kseen"},"content":{"rendered":"<p>Jalkapallokauden p\u00e4\u00e4t\u00f6stilaisuutta vietettiin tiistaina 23.11. koulukeskusken ruokalassa. Tilaisuudessa palkittiin kaikki pelaajat, valmentajat sek\u00e4 muut toimijat. <\/p>\n<p>Kahvin ja mehun maistuessa oli hyv\u00e4 muistella kulunutta kautta. Jalkapallojaoston puheenjohtaja Erkki Laide tiivisti kauden tapahtumia puheessaan ja kertoi joukkueiden saavutuksista eri ik\u00e4luokissa. Menestynein joukkue oli piirin hopeamitalit pokannut B-poikien joukkue. Laide p\u00e4\u00e4tti t\u00e4h\u00e4n kauteen useamman vuoden pestins\u00e4 jaoston puheenjohtajana. Kiitokset Erkille panoksestasi ja tapaamme kentill\u00e4 \ud83d\ude42<\/p>\n<p>Kaustisen Pohjan-Veikoissa on t\u00e4ll\u00e4 hetkell\u00e4 169 lisenssipelaajaa, joka on varsin mallikas saavutus kunnan asukaslukuun n\u00e4hden. Lis\u00e4ksi KP-V:n lisenssipelaajien m\u00e4\u00e4r\u00e4 ei ole laskenut muiden seurojen tapaan, vaan viime vuosina se on pysynyt 170 tiet\u00e4mill\u00e4. Uusi urheilutalo antaakin mahdollisuuksia toiminnan laajamittaiseen kehitt\u00e4miseen, kunhan saadaa ratkaistua se ikuinen ohjaajapula. Jaosto on valmis ottamaan toimintaan mukaan joukkueen vaikka joka ik\u00e4luokkaan, kunhan l\u00f6ytyy aktiivisia ohjaajia. Toivommekin siis ohjaajien joukkorynt\u00e4yst\u00e4 toimintaan, joten tervetuloa! <\/p>\n<p>Jalkapallojaosto kiitt\u00e4\u00e4 kaikkia pelaajia, vanhempia, valmentajia, toimitsijoita sek\u00e4 yhteisty\u00f6kumppaneita kuluneesta kaudesta. Kiitos!<\/p>\n<p><a href=\"http:\/\/www.flickr.com\/photos\/7440572@N03\/5203186513\/\" title=\"futisp\u00e4\u00e4t\u00f6s by Marko Takala, on Flickr\"><img loading=\"lazy\" decoding=\"async\" src=\"http:\/\/farm6.static.flickr.com\/5203\/5203186513_2d8464c089.jpg\" width=\"500\" height=\"375\" alt=\"futisp\u00e4\u00e4t\u00f6s\" \/><\/a><\/p>\n<p><a href=\"http:\/\/www.flickr.com\/photos\/7440572@N03\/5203784056\/\" title=\"erkit by Marko Takala, on Flickr\"><img loading=\"lazy\" decoding=\"async\" src=\"http:\/\/farm5.static.flickr.com\/4089\/5203784056_0aa7bcd33a.jpg\" width=\"500\" height=\"375\" alt=\"erkit\" \/><\/a><\/p>\n","protected":false},"excerpt":{"rendered":"<p>Jalkapallokauden p\u00e4\u00e4t\u00f6stilaisuutta vietettiin tiistaina 23.11. koulukeskusken ruokalassa. Tilaisuudessa palkittiin kaikki pelaajat, valmentajat sek\u00e4 muut toimijat. Kahvin ja mehun maistuessa oli hyv\u00e4 muistella kulunutta kautta. Jalkapallojaoston puheenjohtaja Erkki Laide tiivisti kauden tapahtumia puheessaan ja kertoi joukkueiden saavutuksista eri ik\u00e4luokissa. Menestynein joukkue oli piirin hopeamitalit pokannut B-poikien joukkue. Laide p\u00e4\u00e4tti t\u00e4h\u00e4n kauteen useamman vuoden pestins\u00e4 jaoston puheenjohtajana. [&hellip;]<\/p>\n","protected":false},"author":17,"featured_media":0,"comment_status":"open","ping_status":"open","sticky":false,"template":"","format":"standard","meta":{"footnotes":""},"categories":[1],"tags":[],"class_list":["post-22009","post","type-post","status-publish","format-standard","hentry","category-yleinen"],"_links":{"self":[{"href":"https:\/\/veikot2.kaustinen.fi\/index.php?rest_route=\/wp\/v2\/posts\/22009","targetHints":{"allow":["GET"]}}],"collection":[{"href":"https:\/\/veikot2.kaustinen.fi\/index.php?rest_route=\/wp\/v2\/posts"}],"about":[{"href":"https:\/\/veikot2.kaustinen.fi\/index.php?rest_route=\/wp\/v2\/types\/post"}],"author":[{"embeddable":true,"href":"https:\/\/veikot2.kaustinen.fi\/index.php?rest_route=\/wp\/v2\/users\/17"}],"replies":[{"embeddable":true,"href":"https:\/\/veikot2.kaustinen.fi\/index.php?rest_route=%2Fwp%2Fv2%2Fcomments&post=22009"}],"version-history":[{"count":0,"href":"https:\/\/veikot2.kaustinen.fi\/index.php?rest_route=\/wp\/v2\/posts\/22009\/revisions"}],"wp:attachment":[{"href":"https:\/\/veikot2.kaustinen.fi\/index.php?rest_route=%2Fwp%2Fv2%2Fmedia&parent=22009"}],"wp:term":[{"taxonomy":"category","embeddable":true,"href":"https:\/\/veikot2.kaustinen.fi\/index.php?rest_route=%2Fwp%2Fv2%2Fcategories&post=22009"},{"taxonomy":"post_tag","embeddable":true,"href":"https:\/\/veikot2.kaustinen.fi\/index.php?rest_route=%2Fwp%2Fv2%2Ftags&post=22009"}],"curies":[{"name":"wp","href":"https:\/\/api.w.org\/{rel}","templated":true}]}}