{"id":22011,"date":"2010-11-29T12:23:09","date_gmt":"2010-11-29T10:23:09","guid":{"rendered":"http:\/\/veikot.kaustinen.fi\/2010\/11\/29\/samuli-petteri-kivinen-valittu-ateenaan\/"},"modified":"2014-11-28T14:08:52","modified_gmt":"2014-11-28T11:08:52","slug":"samuli-petteri-kivinen-valittu-ateenaan","status":"publish","type":"post","link":"https:\/\/veikot2.kaustinen.fi\/?p=22011","title":{"rendered":"Samuli-Petteri Kivinen valittu Ateenaan"},"content":{"rendered":"<p>Samuli-Petteri Kivinen on valittu Kreikkaan Atenaan edustamaan Suomea kehitysvammaisten maailmankisoihin. Kisat j\u00e4rjestet\u00e4\u00e4n 20.6.-4.7.2011. Sampan lajeina kisoissa on 100 m, pituus tai kuula ja 4 x 100 m viesti. <\/p>\n<p>Onnittelut valinnasta!<\/p><\/p>\n","protected":false},"excerpt":{"rendered":"<p>Samuli-Petteri Kivinen on valittu Kreikkaan Atenaan edustamaan Suomea kehitysvammaisten maailmankisoihin. Kisat j\u00e4rjestet\u00e4\u00e4n 20.6.-4.7.2011. Sampan lajeina kisoissa on 100 m, pituus tai kuula ja 4 x 100 m viesti. Onnittelut valinnasta!<\/p>\n","protected":false},"author":17,"featured_media":0,"comment_status":"open","ping_status":"open","sticky":false,"template":"","format":"standard","meta":{"footnotes":""},"categories":[603],"tags":[],"class_list":["post-22011","post","type-post","status-publish","format-standard","hentry","category-yleisurheilu"],"_links":{"self":[{"href":"https:\/\/veikot2.kaustinen.fi\/index.php?rest_route=\/wp\/v2\/posts\/22011","targetHints":{"allow":["GET"]}}],"collection":[{"href":"https:\/\/veikot2.kaustinen.fi\/index.php?rest_route=\/wp\/v2\/posts"}],"about":[{"href":"https:\/\/veikot2.kaustinen.fi\/index.php?rest_route=\/wp\/v2\/types\/post"}],"author":[{"embeddable":true,"href":"https:\/\/veikot2.kaustinen.fi\/index.php?rest_route=\/wp\/v2\/users\/17"}],"replies":[{"embeddable":true,"href":"https:\/\/veikot2.kaustinen.fi\/index.php?rest_route=%2Fwp%2Fv2%2Fcomments&post=22011"}],"version-history":[{"count":1,"href":"https:\/\/veikot2.kaustinen.fi\/index.php?rest_route=\/wp\/v2\/posts\/22011\/revisions"}],"predecessor-version":[{"id":24585,"href":"https:\/\/veikot2.kaustinen.fi\/index.php?rest_route=\/wp\/v2\/posts\/22011\/revisions\/24585"}],"wp:attachment":[{"href":"https:\/\/veikot2.kaustinen.fi\/index.php?rest_route=%2Fwp%2Fv2%2Fmedia&parent=22011"}],"wp:term":[{"taxonomy":"category","embeddable":true,"href":"https:\/\/veikot2.kaustinen.fi\/index.php?rest_route=%2Fwp%2Fv2%2Fcategories&post=22011"},{"taxonomy":"post_tag","embeddable":true,"href":"https:\/\/veikot2.kaustinen.fi\/index.php?rest_route=%2Fwp%2Fv2%2Ftags&post=22011"}],"curies":[{"name":"wp","href":"https:\/\/api.w.org\/{rel}","templated":true}]}}