{"id":22017,"date":"2010-12-13T13:08:21","date_gmt":"2010-12-13T11:08:21","guid":{"rendered":"http:\/\/veikot.kaustinen.fi\/2010\/12\/13\/urheilutalon-remontti-etenee\/"},"modified":"2010-12-13T13:08:21","modified_gmt":"2010-12-13T11:08:21","slug":"urheilutalon-remontti-etenee","status":"publish","type":"post","link":"https:\/\/veikot2.kaustinen.fi\/?p=22017","title":{"rendered":"Urheilutalon remontti etenee"},"content":{"rendered":"<p>Kaustisen urheilutalon peruskorjaus sek\u00e4 laajennus etenee hyv\u00e4\u00e4 vauhtia. Projekti on aikataulussaan ja t\u00e4m\u00e4 tarkoittaa sit\u00e4, ett\u00e4 uusi ja uljas urheilutalo avattaisiin huhti-toukokuussa 2011. Avajaisiin toki vaikuttaa my\u00f6s kalustehankintojen eteneminen. Hyv\u00e4lt\u00e4 kumminkin n\u00e4ytt\u00e4\u00e4 t\u00e4ss\u00e4 vaiheessa. <\/p>\n<p>T\u00e4ss\u00e4 tuoreita kuvia remontin keskelt\u00e4:<\/p>\n<p><a href=\"http:\/\/www.flickr.com\/photos\/7440572@N03\/5256774239\/\" title=\"IMG_1069 by Marko Takala, on Flickr\"><img loading=\"lazy\" decoding=\"async\" src=\"http:\/\/farm6.static.flickr.com\/5085\/5256774239_d413efa7f6.jpg\" width=\"500\" height=\"375\" alt=\"IMG_1069\" \/><\/a><\/p>\n<p><a href=\"http:\/\/www.flickr.com\/photos\/7440572@N03\/5257384608\/\" title=\"IMG_1066 by Marko Takala, on Flickr\"><img loading=\"lazy\" decoding=\"async\" src=\"http:\/\/farm6.static.flickr.com\/5249\/5257384608_30e5903b3f.jpg\" width=\"500\" height=\"375\" alt=\"IMG_1066\" \/><\/a><\/p>\n<p><a href=\"http:\/\/www.flickr.com\/photos\/7440572@N03\/5256774121\/\" title=\"IMG_1064 by Marko Takala, on Flickr\"><img loading=\"lazy\" decoding=\"async\" src=\"http:\/\/farm6.static.flickr.com\/5129\/5256774121_5d9092fa88.jpg\" width=\"500\" height=\"375\" alt=\"IMG_1064\" \/><\/a><\/p>\n<p><a href=\"http:\/\/www.flickr.com\/photos\/7440572@N03\/5257384528\/\" title=\"IMG_1062 by Marko Takala, on Flickr\"><img loading=\"lazy\" decoding=\"async\" src=\"http:\/\/farm6.static.flickr.com\/5050\/5257384528_03cba1793a.jpg\" width=\"500\" height=\"375\" alt=\"IMG_1062\" \/><\/a><\/p>\n<p><a href=\"http:\/\/www.flickr.com\/photos\/7440572@N03\/5257384120\/\" title=\"IMG_1059 by Marko Takala, on Flickr\"><img loading=\"lazy\" decoding=\"async\" src=\"http:\/\/farm6.static.flickr.com\/5169\/5257384120_fde7c14312.jpg\" width=\"500\" height=\"375\" alt=\"IMG_1059\" \/><\/a><\/p>\n<p><a href=\"http:\/\/www.flickr.com\/photos\/7440572@N03\/5256773589\/\" title=\"IMG_1058 by Marko Takala, on Flickr\"><img loading=\"lazy\" decoding=\"async\" src=\"http:\/\/farm6.static.flickr.com\/5008\/5256773589_9ab3042acd.jpg\" width=\"500\" height=\"375\" alt=\"IMG_1058\" \/><\/a><\/p>\n","protected":false},"excerpt":{"rendered":"<p>Kaustisen urheilutalon peruskorjaus sek\u00e4 laajennus etenee hyv\u00e4\u00e4 vauhtia. Projekti on aikataulussaan ja t\u00e4m\u00e4 tarkoittaa sit\u00e4, ett\u00e4 uusi ja uljas urheilutalo avattaisiin huhti-toukokuussa 2011. Avajaisiin toki vaikuttaa my\u00f6s kalustehankintojen eteneminen. Hyv\u00e4lt\u00e4 kumminkin n\u00e4ytt\u00e4\u00e4 t\u00e4ss\u00e4 vaiheessa. T\u00e4ss\u00e4 tuoreita kuvia remontin keskelt\u00e4:<\/p>\n","protected":false},"author":17,"featured_media":0,"comment_status":"open","ping_status":"open","sticky":false,"template":"","format":"standard","meta":{"footnotes":""},"categories":[1],"tags":[],"class_list":["post-22017","post","type-post","status-publish","format-standard","hentry","category-yleinen"],"_links":{"self":[{"href":"https:\/\/veikot2.kaustinen.fi\/index.php?rest_route=\/wp\/v2\/posts\/22017","targetHints":{"allow":["GET"]}}],"collection":[{"href":"https:\/\/veikot2.kaustinen.fi\/index.php?rest_route=\/wp\/v2\/posts"}],"about":[{"href":"https:\/\/veikot2.kaustinen.fi\/index.php?rest_route=\/wp\/v2\/types\/post"}],"author":[{"embeddable":true,"href":"https:\/\/veikot2.kaustinen.fi\/index.php?rest_route=\/wp\/v2\/users\/17"}],"replies":[{"embeddable":true,"href":"https:\/\/veikot2.kaustinen.fi\/index.php?rest_route=%2Fwp%2Fv2%2Fcomments&post=22017"}],"version-history":[{"count":0,"href":"https:\/\/veikot2.kaustinen.fi\/index.php?rest_route=\/wp\/v2\/posts\/22017\/revisions"}],"wp:attachment":[{"href":"https:\/\/veikot2.kaustinen.fi\/index.php?rest_route=%2Fwp%2Fv2%2Fmedia&parent=22017"}],"wp:term":[{"taxonomy":"category","embeddable":true,"href":"https:\/\/veikot2.kaustinen.fi\/index.php?rest_route=%2Fwp%2Fv2%2Fcategories&post=22017"},{"taxonomy":"post_tag","embeddable":true,"href":"https:\/\/veikot2.kaustinen.fi\/index.php?rest_route=%2Fwp%2Fv2%2Ftags&post=22017"}],"curies":[{"name":"wp","href":"https:\/\/api.w.org\/{rel}","templated":true}]}}