{"id":22028,"date":"2011-01-25T12:33:15","date_gmt":"2011-01-25T10:33:15","guid":{"rendered":"http:\/\/veikot.kaustinen.fi\/2011\/01\/25\/erkki-kivioja-seuran-puheenjohtajaksi\/"},"modified":"2011-01-25T12:33:15","modified_gmt":"2011-01-25T10:33:15","slug":"erkki-kivioja-seuran-puheenjohtajaksi","status":"publish","type":"post","link":"https:\/\/veikot2.kaustinen.fi\/?p=22028","title":{"rendered":"Erkki Kivioja seuran puheenjohtajaksi"},"content":{"rendered":"<p>Kaustisen Pohjan-Veikot ry:n uusi puheenjohtaja on Erkki Kivioja. Kivioja tunnetaan pitk\u00e4aikaisesta seura- sek\u00e4 opettajanty\u00f6st\u00e4\u00e4n Kaustisella. Monen lajin mies tarttui rohkeasti seuran tarjoamaan haasteeseen ja uskoo vakaasti seuran positiiviseen kehitykseen my\u00f6s tulevaisuudessa. Kivioja tuntee seuran kuin omat taskunsa, joten puheenjohtajan pestiin siirtyminen oli sin\u00e4ns\u00e4 luontevaa. Erkki Kiviojan nimitys suoritettiin maanantaina 24.1.2011 k\u00e4ydyss\u00e4 yleiskokouksessa.<\/p>\n<p>Erkki Kivioja palkittiin vuonna 2008 vuoden toimijana.<br \/><img decoding=\"async\" src=\"http:\/\/farm4.static.flickr.com\/3196\/3115629314_2ba6e833f5_o.jpg\" alt=\"\" \/><\/p>\n<p>Yleiskokouksessa nimitettiin my\u00f6s seuran jalkapallojaoston puheenjohtaja. Uusi puheenjohtaja on Toni Peltoniemi. Peltoniemi omaa pitk\u00e4n pelaajataustan Pohjan-Veikosta sek\u00e4 muista Keski-Pohjaanmaan seuroista. <\/p>\n","protected":false},"excerpt":{"rendered":"<p>Kaustisen Pohjan-Veikot ry:n uusi puheenjohtaja on Erkki Kivioja. Kivioja tunnetaan pitk\u00e4aikaisesta seura- sek\u00e4 opettajanty\u00f6st\u00e4\u00e4n Kaustisella. Monen lajin mies tarttui rohkeasti seuran tarjoamaan haasteeseen ja uskoo vakaasti seuran positiiviseen kehitykseen my\u00f6s tulevaisuudessa. Kivioja tuntee seuran kuin omat taskunsa, joten puheenjohtajan pestiin siirtyminen oli sin\u00e4ns\u00e4 luontevaa. Erkki Kiviojan nimitys suoritettiin maanantaina 24.1.2011 k\u00e4ydyss\u00e4 yleiskokouksessa. Erkki Kivioja palkittiin [&hellip;]<\/p>\n","protected":false},"author":17,"featured_media":0,"comment_status":"open","ping_status":"open","sticky":false,"template":"","format":"standard","meta":{"footnotes":""},"categories":[1],"tags":[],"class_list":["post-22028","post","type-post","status-publish","format-standard","hentry","category-yleinen"],"_links":{"self":[{"href":"https:\/\/veikot2.kaustinen.fi\/index.php?rest_route=\/wp\/v2\/posts\/22028","targetHints":{"allow":["GET"]}}],"collection":[{"href":"https:\/\/veikot2.kaustinen.fi\/index.php?rest_route=\/wp\/v2\/posts"}],"about":[{"href":"https:\/\/veikot2.kaustinen.fi\/index.php?rest_route=\/wp\/v2\/types\/post"}],"author":[{"embeddable":true,"href":"https:\/\/veikot2.kaustinen.fi\/index.php?rest_route=\/wp\/v2\/users\/17"}],"replies":[{"embeddable":true,"href":"https:\/\/veikot2.kaustinen.fi\/index.php?rest_route=%2Fwp%2Fv2%2Fcomments&post=22028"}],"version-history":[{"count":0,"href":"https:\/\/veikot2.kaustinen.fi\/index.php?rest_route=\/wp\/v2\/posts\/22028\/revisions"}],"wp:attachment":[{"href":"https:\/\/veikot2.kaustinen.fi\/index.php?rest_route=%2Fwp%2Fv2%2Fmedia&parent=22028"}],"wp:term":[{"taxonomy":"category","embeddable":true,"href":"https:\/\/veikot2.kaustinen.fi\/index.php?rest_route=%2Fwp%2Fv2%2Fcategories&post=22028"},{"taxonomy":"post_tag","embeddable":true,"href":"https:\/\/veikot2.kaustinen.fi\/index.php?rest_route=%2Fwp%2Fv2%2Ftags&post=22028"}],"curies":[{"name":"wp","href":"https:\/\/api.w.org\/{rel}","templated":true}]}}