{"id":22029,"date":"2011-01-27T14:46:01","date_gmt":"2011-01-27T12:46:01","guid":{"rendered":"http:\/\/veikot.kaustinen.fi\/2011\/01\/27\/kaustisen-kisat-sunnuntaina\/"},"modified":"2014-04-27T23:29:01","modified_gmt":"2014-04-27T20:29:01","slug":"kaustisen-kisat-sunnuntaina","status":"publish","type":"post","link":"https:\/\/veikot2.kaustinen.fi\/?p=22029","title":{"rendered":"Kaustisen kisat sunnuntaina"},"content":{"rendered":"<p>Perinteikk\u00e4\u00e4t Kaustisen kisat hiihdet\u00e4\u00e4n poikkeuksellista jo tammikuussa. Kisat k\u00e4yd\u00e4\u00e4n tulevan viikonlopun sunnuntaina, eli 30.1.2011. Tapahtuma aloitetaan 17 joukkueen nuorisoviestill\u00e4 klo 11.00.Nuortenviestin j\u00e4lkeen startataan henkil\u00f6kohtaiset matkat klo 12.00. Henkil\u00f6kohtaisille matkoille on ilmoittautunut satakunta hiiht\u00e4j\u00e4\u00e4.<\/p>\n<p>Kaustisen Pohjan-Veikot toivottaa kaikki tervetulleiksi seuraamaan kilpailuja Kaustisen hiihtokeskukseen. Sunnuntaille on luvata aurinkoista poutas\u00e4\u00e4t\u00e4, joten nyt kaikki joukoilla ulkoilemaan!<\/p>\n<p>&nbsp;<\/p>\n","protected":false},"excerpt":{"rendered":"<p>Perinteikk\u00e4\u00e4t Kaustisen kisat hiihdet\u00e4\u00e4n poikkeuksellista jo tammikuussa. Kisat k\u00e4yd\u00e4\u00e4n tulevan viikonlopun sunnuntaina, eli 30.1.2011. Tapahtuma aloitetaan 17 joukkueen nuorisoviestill\u00e4 klo 11.00.Nuortenviestin j\u00e4lkeen startataan henkil\u00f6kohtaiset matkat klo 12.00. Henkil\u00f6kohtaisille matkoille on ilmoittautunut satakunta hiiht\u00e4j\u00e4\u00e4. Kaustisen Pohjan-Veikot toivottaa kaikki tervetulleiksi seuraamaan kilpailuja Kaustisen hiihtokeskukseen. Sunnuntaille on luvata aurinkoista poutas\u00e4\u00e4t\u00e4, joten nyt kaikki joukoilla ulkoilemaan! &nbsp;<\/p>\n","protected":false},"author":17,"featured_media":0,"comment_status":"open","ping_status":"open","sticky":false,"template":"","format":"standard","meta":{"footnotes":""},"categories":[1],"tags":[],"class_list":["post-22029","post","type-post","status-publish","format-standard","hentry","category-yleinen"],"_links":{"self":[{"href":"https:\/\/veikot2.kaustinen.fi\/index.php?rest_route=\/wp\/v2\/posts\/22029","targetHints":{"allow":["GET"]}}],"collection":[{"href":"https:\/\/veikot2.kaustinen.fi\/index.php?rest_route=\/wp\/v2\/posts"}],"about":[{"href":"https:\/\/veikot2.kaustinen.fi\/index.php?rest_route=\/wp\/v2\/types\/post"}],"author":[{"embeddable":true,"href":"https:\/\/veikot2.kaustinen.fi\/index.php?rest_route=\/wp\/v2\/users\/17"}],"replies":[{"embeddable":true,"href":"https:\/\/veikot2.kaustinen.fi\/index.php?rest_route=%2Fwp%2Fv2%2Fcomments&post=22029"}],"version-history":[{"count":1,"href":"https:\/\/veikot2.kaustinen.fi\/index.php?rest_route=\/wp\/v2\/posts\/22029\/revisions"}],"predecessor-version":[{"id":23599,"href":"https:\/\/veikot2.kaustinen.fi\/index.php?rest_route=\/wp\/v2\/posts\/22029\/revisions\/23599"}],"wp:attachment":[{"href":"https:\/\/veikot2.kaustinen.fi\/index.php?rest_route=%2Fwp%2Fv2%2Fmedia&parent=22029"}],"wp:term":[{"taxonomy":"category","embeddable":true,"href":"https:\/\/veikot2.kaustinen.fi\/index.php?rest_route=%2Fwp%2Fv2%2Fcategories&post=22029"},{"taxonomy":"post_tag","embeddable":true,"href":"https:\/\/veikot2.kaustinen.fi\/index.php?rest_route=%2Fwp%2Fv2%2Ftags&post=22029"}],"curies":[{"name":"wp","href":"https:\/\/api.w.org\/{rel}","templated":true}]}}