{"id":22031,"date":"2011-01-31T13:14:08","date_gmt":"2011-01-31T11:14:08","guid":{"rendered":"http:\/\/veikot.kaustinen.fi\/2011\/01\/31\/kivinen-ja-salminen-valmennusvastuuseen\/"},"modified":"2011-01-31T13:14:08","modified_gmt":"2011-01-31T11:14:08","slug":"kivinen-ja-salminen-valmennusvastuuseen","status":"publish","type":"post","link":"https:\/\/veikot2.kaustinen.fi\/?p=22031","title":{"rendered":"Kivinen ja Salminen valmennusvastuuseen"},"content":{"rendered":"<p>Kaustisen Pohjan-Veikkojen jalkapallon edustusjoukkue l\u00e4htee hakemaan uutta nousua. Jalkapallojaosto nimesi edustusjoukkueen vastuuvalmentajaksi Joonas Kivisen, apuvalmentajiksi Aleksi Salmisen sek\u00e4 Juho Koivukankaan. Joukkueenjohtajana toimii Tuukka Lempi\u00e4l\u00e4.<\/p>\n<p>Joonas Kivinen pelaa t\u00e4ll\u00e4 hetkell\u00e4 FC YPA:ssa Kakkosta, joten apuvalmentajien rooli korostuu k\u00e4yt\u00e4nn\u00f6n toiminnassa. Kivisen vankka urheilijatausta antaa hyv\u00e4t ev\u00e4\u00e4t KP-V:n edustusjoukkueen toiminnan tehostamiseen. Aleksi Salminen pelasi kauden 2010 Ykspihlajan Reimassa Kolmosta. Salmisella on my\u00f6s useamman kauden kokemus La-Ven futsamiehist\u00f6st\u00e4 Ykk\u00f6sess\u00e4.<br \/>Edustusjoukkueen ensimm\u00e4inen kokoontuminen on torstaina 3.2.2011 klo 18.00 Puumalan koululla.<\/p>\n","protected":false},"excerpt":{"rendered":"<p>Kaustisen Pohjan-Veikkojen jalkapallon edustusjoukkue l\u00e4htee hakemaan uutta nousua. Jalkapallojaosto nimesi edustusjoukkueen vastuuvalmentajaksi Joonas Kivisen, apuvalmentajiksi Aleksi Salmisen sek\u00e4 Juho Koivukankaan. Joukkueenjohtajana toimii Tuukka Lempi\u00e4l\u00e4. Joonas Kivinen pelaa t\u00e4ll\u00e4 hetkell\u00e4 FC YPA:ssa Kakkosta, joten apuvalmentajien rooli korostuu k\u00e4yt\u00e4nn\u00f6n toiminnassa. Kivisen vankka urheilijatausta antaa hyv\u00e4t ev\u00e4\u00e4t KP-V:n edustusjoukkueen toiminnan tehostamiseen. Aleksi Salminen pelasi kauden 2010 Ykspihlajan Reimassa [&hellip;]<\/p>\n","protected":false},"author":17,"featured_media":0,"comment_status":"open","ping_status":"open","sticky":false,"template":"","format":"standard","meta":{"footnotes":""},"categories":[1],"tags":[],"class_list":["post-22031","post","type-post","status-publish","format-standard","hentry","category-yleinen"],"_links":{"self":[{"href":"https:\/\/veikot2.kaustinen.fi\/index.php?rest_route=\/wp\/v2\/posts\/22031","targetHints":{"allow":["GET"]}}],"collection":[{"href":"https:\/\/veikot2.kaustinen.fi\/index.php?rest_route=\/wp\/v2\/posts"}],"about":[{"href":"https:\/\/veikot2.kaustinen.fi\/index.php?rest_route=\/wp\/v2\/types\/post"}],"author":[{"embeddable":true,"href":"https:\/\/veikot2.kaustinen.fi\/index.php?rest_route=\/wp\/v2\/users\/17"}],"replies":[{"embeddable":true,"href":"https:\/\/veikot2.kaustinen.fi\/index.php?rest_route=%2Fwp%2Fv2%2Fcomments&post=22031"}],"version-history":[{"count":0,"href":"https:\/\/veikot2.kaustinen.fi\/index.php?rest_route=\/wp\/v2\/posts\/22031\/revisions"}],"wp:attachment":[{"href":"https:\/\/veikot2.kaustinen.fi\/index.php?rest_route=%2Fwp%2Fv2%2Fmedia&parent=22031"}],"wp:term":[{"taxonomy":"category","embeddable":true,"href":"https:\/\/veikot2.kaustinen.fi\/index.php?rest_route=%2Fwp%2Fv2%2Fcategories&post=22031"},{"taxonomy":"post_tag","embeddable":true,"href":"https:\/\/veikot2.kaustinen.fi\/index.php?rest_route=%2Fwp%2Fv2%2Ftags&post=22031"}],"curies":[{"name":"wp","href":"https:\/\/api.w.org\/{rel}","templated":true}]}}