{"id":22133,"date":"2011-07-20T12:43:50","date_gmt":"2011-07-20T10:43:50","guid":{"rendered":"http:\/\/veikot.kaustinen.fi\/2011\/07\/20\/torstain-kansallisiin-172-urheilijaa\/"},"modified":"2011-07-20T12:43:50","modified_gmt":"2011-07-20T10:43:50","slug":"torstain-kansallisiin-172-urheilijaa","status":"publish","type":"post","link":"https:\/\/veikot2.kaustinen.fi\/?p=22133","title":{"rendered":"Torstain kansallisiin 172 urheilijaa"},"content":{"rendered":"<p>Vetelin Urheilijoiden ja Kaustisen Pohjan-Veikkojen j\u00e4rjest\u00e4miin nuorisokansallisiin 21.7. on ilmoittautunut 172 urheilijaa. Osa urheilijoista ottaa osaa useampaan lajiin, joten lajisuoritusten m\u00e4\u00e4r\u00e4 on kaikkiaan 296.<\/p>\n<p>Nuorempien ik\u00e4luokkien lajeissa on suurimmat osallistujam\u00e4\u00e4r\u00e4t. Heikoin tilanne on 19-vuotiaiden lajien osalta.<\/p>\n<p>Kilpailujen ohjelmassa on kaikkiaan 45 lajia.<\/p>\n","protected":false},"excerpt":{"rendered":"<p>Vetelin Urheilijoiden ja Kaustisen Pohjan-Veikkojen j\u00e4rjest\u00e4miin nuorisokansallisiin 21.7. on ilmoittautunut 172 urheilijaa. Osa urheilijoista ottaa osaa useampaan lajiin, joten lajisuoritusten m\u00e4\u00e4r\u00e4 on kaikkiaan 296. Nuorempien ik\u00e4luokkien lajeissa on suurimmat osallistujam\u00e4\u00e4r\u00e4t. Heikoin tilanne on 19-vuotiaiden lajien osalta. Kilpailujen ohjelmassa on kaikkiaan 45 lajia.<\/p>\n","protected":false},"author":19,"featured_media":0,"comment_status":"open","ping_status":"open","sticky":false,"template":"","format":"standard","meta":{"footnotes":""},"categories":[1],"tags":[],"class_list":["post-22133","post","type-post","status-publish","format-standard","hentry","category-yleinen"],"_links":{"self":[{"href":"https:\/\/veikot2.kaustinen.fi\/index.php?rest_route=\/wp\/v2\/posts\/22133","targetHints":{"allow":["GET"]}}],"collection":[{"href":"https:\/\/veikot2.kaustinen.fi\/index.php?rest_route=\/wp\/v2\/posts"}],"about":[{"href":"https:\/\/veikot2.kaustinen.fi\/index.php?rest_route=\/wp\/v2\/types\/post"}],"author":[{"embeddable":true,"href":"https:\/\/veikot2.kaustinen.fi\/index.php?rest_route=\/wp\/v2\/users\/19"}],"replies":[{"embeddable":true,"href":"https:\/\/veikot2.kaustinen.fi\/index.php?rest_route=%2Fwp%2Fv2%2Fcomments&post=22133"}],"version-history":[{"count":0,"href":"https:\/\/veikot2.kaustinen.fi\/index.php?rest_route=\/wp\/v2\/posts\/22133\/revisions"}],"wp:attachment":[{"href":"https:\/\/veikot2.kaustinen.fi\/index.php?rest_route=%2Fwp%2Fv2%2Fmedia&parent=22133"}],"wp:term":[{"taxonomy":"category","embeddable":true,"href":"https:\/\/veikot2.kaustinen.fi\/index.php?rest_route=%2Fwp%2Fv2%2Fcategories&post=22133"},{"taxonomy":"post_tag","embeddable":true,"href":"https:\/\/veikot2.kaustinen.fi\/index.php?rest_route=%2Fwp%2Fv2%2Ftags&post=22133"}],"curies":[{"name":"wp","href":"https:\/\/api.w.org\/{rel}","templated":true}]}}