{"id":22139,"date":"2011-07-22T09:39:33","date_gmt":"2011-07-22T07:39:33","guid":{"rendered":"http:\/\/veikot.kaustinen.fi\/2011\/07\/22\/yli-30-heittajaa-kilpailee-nikulassa\/"},"modified":"2011-07-22T09:39:33","modified_gmt":"2011-07-22T07:39:33","slug":"yli-30-heittajaa-kilpailee-nikulassa","status":"publish","type":"post","link":"https:\/\/veikot2.kaustinen.fi\/?p=22139","title":{"rendered":"Yli 30 heitt\u00e4j\u00e4\u00e4 kilpailee Nikulassa"},"content":{"rendered":"<p>Kaustisen Pohjan-Veikot j\u00e4rjest\u00e4\u00e4 lauantaina 23.7. moukaricupin kolmannen osakilpailun. Kilpailuun on ilmoittautunut mukaan 33 heitt\u00e4j\u00e4\u00e4.<\/p>\n<p>Miesten k\u00e4rkinimet ovat Oulun Pyrinn\u00f6n Mats Gran\u00f6, Alavieskan Virin Tuomas Mikkola ja Virtain Urheilijoiden Veli-Matti Jussila.<\/p>\n<p>Naisten sarjaan ovat ilmoittautuneet Kaustisen Pohjan-Veikkojen Jenni Penttil\u00e4 ja Oulun Pyrinn\u00f6n P\u00e4ivi Gran\u00f6.<\/p>\n<p>Kilpailut alkavat Nikulassa klo 12.00.<\/p>\n","protected":false},"excerpt":{"rendered":"<p>Kaustisen Pohjan-Veikot j\u00e4rjest\u00e4\u00e4 lauantaina 23.7. moukaricupin kolmannen osakilpailun. Kilpailuun on ilmoittautunut mukaan 33 heitt\u00e4j\u00e4\u00e4. Miesten k\u00e4rkinimet ovat Oulun Pyrinn\u00f6n Mats Gran\u00f6, Alavieskan Virin Tuomas Mikkola ja Virtain Urheilijoiden Veli-Matti Jussila. Naisten sarjaan ovat ilmoittautuneet Kaustisen Pohjan-Veikkojen Jenni Penttil\u00e4 ja Oulun Pyrinn\u00f6n P\u00e4ivi Gran\u00f6. Kilpailut alkavat Nikulassa klo 12.00.<\/p>\n","protected":false},"author":19,"featured_media":0,"comment_status":"open","ping_status":"open","sticky":false,"template":"","format":"standard","meta":{"footnotes":""},"categories":[603],"tags":[],"class_list":["post-22139","post","type-post","status-publish","format-standard","hentry","category-yleisurheilu"],"_links":{"self":[{"href":"https:\/\/veikot2.kaustinen.fi\/index.php?rest_route=\/wp\/v2\/posts\/22139","targetHints":{"allow":["GET"]}}],"collection":[{"href":"https:\/\/veikot2.kaustinen.fi\/index.php?rest_route=\/wp\/v2\/posts"}],"about":[{"href":"https:\/\/veikot2.kaustinen.fi\/index.php?rest_route=\/wp\/v2\/types\/post"}],"author":[{"embeddable":true,"href":"https:\/\/veikot2.kaustinen.fi\/index.php?rest_route=\/wp\/v2\/users\/19"}],"replies":[{"embeddable":true,"href":"https:\/\/veikot2.kaustinen.fi\/index.php?rest_route=%2Fwp%2Fv2%2Fcomments&post=22139"}],"version-history":[{"count":0,"href":"https:\/\/veikot2.kaustinen.fi\/index.php?rest_route=\/wp\/v2\/posts\/22139\/revisions"}],"wp:attachment":[{"href":"https:\/\/veikot2.kaustinen.fi\/index.php?rest_route=%2Fwp%2Fv2%2Fmedia&parent=22139"}],"wp:term":[{"taxonomy":"category","embeddable":true,"href":"https:\/\/veikot2.kaustinen.fi\/index.php?rest_route=%2Fwp%2Fv2%2Fcategories&post=22139"},{"taxonomy":"post_tag","embeddable":true,"href":"https:\/\/veikot2.kaustinen.fi\/index.php?rest_route=%2Fwp%2Fv2%2Ftags&post=22139"}],"curies":[{"name":"wp","href":"https:\/\/api.w.org\/{rel}","templated":true}]}}