{"id":22140,"date":"2011-07-22T14:11:12","date_gmt":"2011-07-22T12:11:12","guid":{"rendered":"http:\/\/veikot.kaustinen.fi\/2011\/07\/22\/jenni-penttila-heittaa-alajarvella\/"},"modified":"2011-07-22T14:11:12","modified_gmt":"2011-07-22T12:11:12","slug":"jenni-penttila-heittaa-alajarvella","status":"publish","type":"post","link":"https:\/\/veikot2.kaustinen.fi\/?p=22140","title":{"rendered":"Jenni Penttil\u00e4 heitt\u00e4\u00e4 Alaj\u00e4rvell\u00e4"},"content":{"rendered":"<p>Etel\u00e4-Pohjanmaan ja Keski-Pohjanmaan piirien yhteiset naisten ja miesten piirinmestaruuskilpailut j\u00e4rjestet\u00e4\u00e4n Alaj\u00e4rvell\u00e4 25.-26.7.<\/p>\n<p>Kaustisen Pohjan-Veikkoista pm-kilpailuun osallistuu Jenni Penttil\u00e4, joka heitt\u00e4\u00e4 moukaria ensimm\u00e4isen\u00e4 kilpailup\u00e4iv\u00e4n\u00e4 maanantaina 25.7.<\/p>\n<p>Naisten moukarinheittoon on ilmoittautunut mukaan kymmenen heitt\u00e4j\u00e4\u00e4.<\/p>\n","protected":false},"excerpt":{"rendered":"<p>Etel\u00e4-Pohjanmaan ja Keski-Pohjanmaan piirien yhteiset naisten ja miesten piirinmestaruuskilpailut j\u00e4rjestet\u00e4\u00e4n Alaj\u00e4rvell\u00e4 25.-26.7. Kaustisen Pohjan-Veikkoista pm-kilpailuun osallistuu Jenni Penttil\u00e4, joka heitt\u00e4\u00e4 moukaria ensimm\u00e4isen\u00e4 kilpailup\u00e4iv\u00e4n\u00e4 maanantaina 25.7. Naisten moukarinheittoon on ilmoittautunut mukaan kymmenen heitt\u00e4j\u00e4\u00e4.<\/p>\n","protected":false},"author":19,"featured_media":0,"comment_status":"open","ping_status":"open","sticky":false,"template":"","format":"standard","meta":{"footnotes":""},"categories":[603],"tags":[],"class_list":["post-22140","post","type-post","status-publish","format-standard","hentry","category-yleisurheilu"],"_links":{"self":[{"href":"https:\/\/veikot2.kaustinen.fi\/index.php?rest_route=\/wp\/v2\/posts\/22140","targetHints":{"allow":["GET"]}}],"collection":[{"href":"https:\/\/veikot2.kaustinen.fi\/index.php?rest_route=\/wp\/v2\/posts"}],"about":[{"href":"https:\/\/veikot2.kaustinen.fi\/index.php?rest_route=\/wp\/v2\/types\/post"}],"author":[{"embeddable":true,"href":"https:\/\/veikot2.kaustinen.fi\/index.php?rest_route=\/wp\/v2\/users\/19"}],"replies":[{"embeddable":true,"href":"https:\/\/veikot2.kaustinen.fi\/index.php?rest_route=%2Fwp%2Fv2%2Fcomments&post=22140"}],"version-history":[{"count":0,"href":"https:\/\/veikot2.kaustinen.fi\/index.php?rest_route=\/wp\/v2\/posts\/22140\/revisions"}],"wp:attachment":[{"href":"https:\/\/veikot2.kaustinen.fi\/index.php?rest_route=%2Fwp%2Fv2%2Fmedia&parent=22140"}],"wp:term":[{"taxonomy":"category","embeddable":true,"href":"https:\/\/veikot2.kaustinen.fi\/index.php?rest_route=%2Fwp%2Fv2%2Fcategories&post=22140"},{"taxonomy":"post_tag","embeddable":true,"href":"https:\/\/veikot2.kaustinen.fi\/index.php?rest_route=%2Fwp%2Fv2%2Ftags&post=22140"}],"curies":[{"name":"wp","href":"https:\/\/api.w.org\/{rel}","templated":true}]}}