{"id":22198,"date":"2011-08-29T23:34:09","date_gmt":"2011-08-29T21:34:09","guid":{"rendered":"http:\/\/veikot.kaustinen.fi\/2011\/08\/29\/pistesija-sm-moniotteluista\/"},"modified":"2011-08-29T23:34:09","modified_gmt":"2011-08-29T21:34:09","slug":"pistesija-sm-moniotteluista","status":"publish","type":"post","link":"https:\/\/veikot2.kaustinen.fi\/?p=22198","title":{"rendered":"Pistesija SM-moniotteluista"},"content":{"rendered":"<p>SM-tason kisoihin l\u00e4htemisen tavoite toteutui. Purolan veljekset kartuttivat toistamiseen KP-V:n seuraluokittelupisteit\u00e4 urakoimalla t\u00e4m\u00e4n kes\u00e4n toisen kuudennen sijan joukkuekilpailuissa ? nyt SM-moniotteluissa Iiss\u00e4.  P15 sarjaan oli ilmoittautunut 9 joukkuetta ja 27 ottelijaa, mutta varmistuksen kisa-aamuna ja 100 aitajuoksuun l\u00e4hti vain 20 kisailijaa.<\/p>\n<p>Eemeli oli kisan 16. tehden omat enn\u00e4tykset 100 m aj:ssa, pituudessa ja tonnilla sek\u00e4 5-ottelun kokonaispisteiss\u00e4. Elias oli 17. ja paransi tonnin enn\u00e4tyst\u00e4\u00e4n reilut 2,5 sekunttia ja sivusi seip\u00e4\u00e4n enn\u00e4tyst\u00e4\u00e4n ja my\u00f6s otteluenn\u00e4tys parani. <\/p>\n<p>Kentt\u00e4lajien vain kolme suorituskertaa toi moniotteluun uuden vaikeusmomentin normaalin kuuden suorituskerran kilpailuun n\u00e4hden.  Sit\u00e4 korosti my\u00f6s se, ett\u00e4 huoltajat ja valmentajat eiv\u00e4t saaneet tulla kent\u00e4lle ollenkaan! Kisailijoiden piti SM-tason s\u00e4\u00e4nt\u00f6jen mukaan hoitaa itsen\u00e4isesti niin pituuden, keih\u00e4\u00e4n kuin seip\u00e4\u00e4nkin askelmerkit ja et\u00e4isyydet. Veljeksille tuotti erityisesti v\u00e4h\u00e4n hyp\u00e4tyn pituuden askelmerkin l\u00f6yt\u00e4minen vaikeuksia ja ponnistus l\u00e4htikin keng\u00e4nmitan p\u00e4\u00e4st\u00e4 lankulta.   <\/p>\n<p>Seuraluokittelupisteiss\u00e4 SM-kisoilla on oma perinteinen kisapistej\u00e4rjestelm\u00e4ns\u00e4 niin yksil\u00f6 kuin joukkuekisoissakin seuraavasti:<br \/>15-vuotiaat 6 parhaalle 7-5-4-3-2-1<br \/>14-vuotiaat 6 parhaalle 7-5-4-3-2-1<br \/>Seuraluokitteluun huomioitava pistem\u00e4\u00e4r\u00e4 on n\u00e4in seuran ker\u00e4\u00e4mien kisapisteiden summa jaettuna kahdella. Joukkuekilpailuissa SM-tasolla tulosrajana on 2*B-luokan tulos, paitsi moniotteluissa, jonne seura voi l\u00e4hett\u00e4\u00e4 joukkueen ilman tulosrajaa.<\/p>\n<p>Seuraluokitteluun pisteit\u00e4 kertyy my\u00f6s yleisurheilulisenssien m\u00e4\u00e4r\u00e4st\u00e4 (m\u00e4\u00e4r\u00e4 jaettuna nelj\u00e4ll\u00e4), yli 15-vuotiaiden osallistumisesta PM-kisoihin (lajiosanottojen summa jaettuna kahdella), yli 15 v luokkaurheilijoiden m\u00e4\u00e4r\u00e4st\u00e4 ja tasosta (A 3 p, B 2 p, C 1, SM 6, M 5) sek\u00e4 arvokisamenestyksen ja osallistumisen, maaotteluedustuksen ja SM pisteiden mukaan.  <\/p>\n","protected":false},"excerpt":{"rendered":"<p>SM-tason kisoihin l\u00e4htemisen tavoite toteutui. Purolan veljekset kartuttivat toistamiseen KP-V:n seuraluokittelupisteit\u00e4 urakoimalla t\u00e4m\u00e4n kes\u00e4n toisen kuudennen sijan joukkuekilpailuissa ? nyt SM-moniotteluissa Iiss\u00e4. P15 sarjaan oli ilmoittautunut 9 joukkuetta ja 27 ottelijaa, mutta varmistuksen kisa-aamuna ja 100 aitajuoksuun l\u00e4hti vain 20 kisailijaa. Eemeli oli kisan 16. tehden omat enn\u00e4tykset 100 m aj:ssa, pituudessa ja tonnilla sek\u00e4 [&hellip;]<\/p>\n","protected":false},"author":20,"featured_media":0,"comment_status":"open","ping_status":"open","sticky":false,"template":"","format":"standard","meta":{"footnotes":""},"categories":[605,603],"tags":[],"class_list":["post-22198","post","type-post","status-publish","format-standard","hentry","category-jalkapallo","category-yleisurheilu"],"_links":{"self":[{"href":"https:\/\/veikot2.kaustinen.fi\/index.php?rest_route=\/wp\/v2\/posts\/22198","targetHints":{"allow":["GET"]}}],"collection":[{"href":"https:\/\/veikot2.kaustinen.fi\/index.php?rest_route=\/wp\/v2\/posts"}],"about":[{"href":"https:\/\/veikot2.kaustinen.fi\/index.php?rest_route=\/wp\/v2\/types\/post"}],"author":[{"embeddable":true,"href":"https:\/\/veikot2.kaustinen.fi\/index.php?rest_route=\/wp\/v2\/users\/20"}],"replies":[{"embeddable":true,"href":"https:\/\/veikot2.kaustinen.fi\/index.php?rest_route=%2Fwp%2Fv2%2Fcomments&post=22198"}],"version-history":[{"count":0,"href":"https:\/\/veikot2.kaustinen.fi\/index.php?rest_route=\/wp\/v2\/posts\/22198\/revisions"}],"wp:attachment":[{"href":"https:\/\/veikot2.kaustinen.fi\/index.php?rest_route=%2Fwp%2Fv2%2Fmedia&parent=22198"}],"wp:term":[{"taxonomy":"category","embeddable":true,"href":"https:\/\/veikot2.kaustinen.fi\/index.php?rest_route=%2Fwp%2Fv2%2Fcategories&post=22198"},{"taxonomy":"post_tag","embeddable":true,"href":"https:\/\/veikot2.kaustinen.fi\/index.php?rest_route=%2Fwp%2Fv2%2Ftags&post=22198"}],"curies":[{"name":"wp","href":"https:\/\/api.w.org\/{rel}","templated":true}]}}