{"id":22200,"date":"2011-09-04T23:30:07","date_gmt":"2011-09-04T21:30:07","guid":{"rendered":"http:\/\/veikot.kaustinen.fi\/2011\/09\/04\/miika-pajukangas-juoksi-pronssille\/"},"modified":"2011-09-04T23:30:07","modified_gmt":"2011-09-04T21:30:07","slug":"miika-pajukangas-juoksi-pronssille","status":"publish","type":"post","link":"https:\/\/veikot2.kaustinen.fi\/?p=22200","title":{"rendered":"Miika Pajukangas juoksi pronssille"},"content":{"rendered":"<p>Vetelin lukiota edustava Miika Pajukangas juoksi kolmanneksi 3000 metrill\u00e4 Koululiikuntaliiton mestaruuskilpailuissa sunnuntaina 4.9. Hyvink\u00e4\u00e4ll\u00e4. Pajukankaan aika oli 9.17,65.<\/p>\n<p>3000 metrin kilpailun voitti Alavuden lukiota edustava Ilkka Saari ajalla 9.14,08.<\/p>\n","protected":false},"excerpt":{"rendered":"<p>Vetelin lukiota edustava Miika Pajukangas juoksi kolmanneksi 3000 metrill\u00e4 Koululiikuntaliiton mestaruuskilpailuissa sunnuntaina 4.9. Hyvink\u00e4\u00e4ll\u00e4. Pajukankaan aika oli 9.17,65. 3000 metrin kilpailun voitti Alavuden lukiota edustava Ilkka Saari ajalla 9.14,08.<\/p>\n","protected":false},"author":19,"featured_media":0,"comment_status":"open","ping_status":"open","sticky":false,"template":"","format":"standard","meta":{"footnotes":""},"categories":[1],"tags":[],"class_list":["post-22200","post","type-post","status-publish","format-standard","hentry","category-yleinen"],"_links":{"self":[{"href":"https:\/\/veikot2.kaustinen.fi\/index.php?rest_route=\/wp\/v2\/posts\/22200","targetHints":{"allow":["GET"]}}],"collection":[{"href":"https:\/\/veikot2.kaustinen.fi\/index.php?rest_route=\/wp\/v2\/posts"}],"about":[{"href":"https:\/\/veikot2.kaustinen.fi\/index.php?rest_route=\/wp\/v2\/types\/post"}],"author":[{"embeddable":true,"href":"https:\/\/veikot2.kaustinen.fi\/index.php?rest_route=\/wp\/v2\/users\/19"}],"replies":[{"embeddable":true,"href":"https:\/\/veikot2.kaustinen.fi\/index.php?rest_route=%2Fwp%2Fv2%2Fcomments&post=22200"}],"version-history":[{"count":0,"href":"https:\/\/veikot2.kaustinen.fi\/index.php?rest_route=\/wp\/v2\/posts\/22200\/revisions"}],"wp:attachment":[{"href":"https:\/\/veikot2.kaustinen.fi\/index.php?rest_route=%2Fwp%2Fv2%2Fmedia&parent=22200"}],"wp:term":[{"taxonomy":"category","embeddable":true,"href":"https:\/\/veikot2.kaustinen.fi\/index.php?rest_route=%2Fwp%2Fv2%2Fcategories&post=22200"},{"taxonomy":"post_tag","embeddable":true,"href":"https:\/\/veikot2.kaustinen.fi\/index.php?rest_route=%2Fwp%2Fv2%2Ftags&post=22200"}],"curies":[{"name":"wp","href":"https:\/\/api.w.org\/{rel}","templated":true}]}}