{"id":22369,"date":"2012-10-02T12:34:22","date_gmt":"2012-10-02T10:34:22","guid":{"rendered":"http:\/\/veikot.kaustinen.fi\/2012\/10\/02\/hyvan-olon-liikuntaryhmat-kayntiin\/"},"modified":"2012-10-02T12:34:22","modified_gmt":"2012-10-02T10:34:22","slug":"hyvan-olon-liikuntaryhmat-kayntiin","status":"publish","type":"post","link":"https:\/\/veikot2.kaustinen.fi\/?p=22369","title":{"rendered":"Hyv\u00e4n Olon-liikuntaryhm\u00e4t k\u00e4yntiin"},"content":{"rendered":"<p>Kaustisen Pohjan-Veikot, Vetelin vapaa-aikatoimi ja JYTA aloittavat Hyv\u00e4n Olon-liikuntaryhm\u00e4t<\/p>\n<p>Kev\u00e4\u00e4ll\u00e4 uutisoidun Kaustisen Pohjan-Veikkojen, Vetelin vapaa-aikatoimen  ja JYTA:n yhteisty\u00f6 muuttuu tulevien viikkojen aikana k\u00e4yt\u00e4nn\u00f6ksi. Yhteisty\u00f6n avulla tarjotaan liikunnan matalankynnyksen ryhmi\u00e4 kuntalaisille. Kaustisen Pohjan-Veikot  ja Vetelin vapaa-aikatoimi vastaavat k\u00e4yt\u00e4nn\u00f6n j\u00e4rjestelyist\u00e4 ja JYTA ohjaa asiakkaitaan ryhmiin. Ryhmiin voi tulla my\u00f6s omatoimisesti ilman  JYTAn ohjausta ja yli kuntarajojen.  Hyv\u00e4n Olon-liikuntaryhmi\u00e4 perustetaan aluksi kaksi Kaustiselle ja yksi Veteliin. Saatavien kokemusten perusteella toimintaa laajennetaan ja monipuolistetaan tarvittaessa.<\/p>\n<p>Hyv\u00e4n Olon ?liikuntaryhmiss\u00e4 harrastetaan liikuntaa monipuolisesti ja osallistujien terveydentilan huomioiden. Vetelin ryhm\u00e4 toteutetaan uima-altaassa. Ryhm\u00e4\u00e4n osallistuminen ei edellyt\u00e4 uimataitoa.   Ryhm\u00e4t ovat ns. matalankynnyksen ryhmi\u00e4, johon voi osallistua ilman liikunnallista taustaa. Liikunnasta halutaan saada osallistujille positiivinen ja kannustava terveydenhoitotapa. Liikunnan avulla voi jokainen omatoimisestikin ennaltaehk\u00e4ist\u00e4 erilaisia sairauksia, lis\u00e4ksi se tuo hyv\u00e4\u00e4 oloa jokaiselle.<\/p>\n<p>Ensimm\u00e4inen Hyv\u00e4n Olon ?liikuntaryhm\u00e4 aloittaa tiistaina 23.10.2012 klo 15.00 Kaustisen urheilutalolla. Toinen ryhm\u00e4 kokoontuu keskiviikkona 24.10.2012 klo 15.00 Kaustisen urheilutalolla. Veteliss\u00e4 ryhm\u00e4 on jo k\u00e4ynnistynyt ja kokoontuu uimahallissa ma klo 12.00. My\u00f6s Vetelin ryhm\u00e4\u00e4n toivotaan lis\u00e4\u00e4 osallistujia. <\/p>\n","protected":false},"excerpt":{"rendered":"<p>Kaustisen Pohjan-Veikot, Vetelin vapaa-aikatoimi ja JYTA aloittavat Hyv\u00e4n Olon-liikuntaryhm\u00e4t Kev\u00e4\u00e4ll\u00e4 uutisoidun Kaustisen Pohjan-Veikkojen, Vetelin vapaa-aikatoimen ja JYTA:n yhteisty\u00f6 muuttuu tulevien viikkojen aikana k\u00e4yt\u00e4nn\u00f6ksi. Yhteisty\u00f6n avulla tarjotaan liikunnan matalankynnyksen ryhmi\u00e4 kuntalaisille. Kaustisen Pohjan-Veikot ja Vetelin vapaa-aikatoimi vastaavat k\u00e4yt\u00e4nn\u00f6n j\u00e4rjestelyist\u00e4 ja JYTA ohjaa asiakkaitaan ryhmiin. Ryhmiin voi tulla my\u00f6s omatoimisesti ilman JYTAn ohjausta ja yli kuntarajojen. Hyv\u00e4n [&hellip;]<\/p>\n","protected":false},"author":17,"featured_media":0,"comment_status":"open","ping_status":"open","sticky":false,"template":"","format":"standard","meta":{"footnotes":""},"categories":[1],"tags":[],"class_list":["post-22369","post","type-post","status-publish","format-standard","hentry","category-yleinen"],"_links":{"self":[{"href":"https:\/\/veikot2.kaustinen.fi\/index.php?rest_route=\/wp\/v2\/posts\/22369","targetHints":{"allow":["GET"]}}],"collection":[{"href":"https:\/\/veikot2.kaustinen.fi\/index.php?rest_route=\/wp\/v2\/posts"}],"about":[{"href":"https:\/\/veikot2.kaustinen.fi\/index.php?rest_route=\/wp\/v2\/types\/post"}],"author":[{"embeddable":true,"href":"https:\/\/veikot2.kaustinen.fi\/index.php?rest_route=\/wp\/v2\/users\/17"}],"replies":[{"embeddable":true,"href":"https:\/\/veikot2.kaustinen.fi\/index.php?rest_route=%2Fwp%2Fv2%2Fcomments&post=22369"}],"version-history":[{"count":0,"href":"https:\/\/veikot2.kaustinen.fi\/index.php?rest_route=\/wp\/v2\/posts\/22369\/revisions"}],"wp:attachment":[{"href":"https:\/\/veikot2.kaustinen.fi\/index.php?rest_route=%2Fwp%2Fv2%2Fmedia&parent=22369"}],"wp:term":[{"taxonomy":"category","embeddable":true,"href":"https:\/\/veikot2.kaustinen.fi\/index.php?rest_route=%2Fwp%2Fv2%2Fcategories&post=22369"},{"taxonomy":"post_tag","embeddable":true,"href":"https:\/\/veikot2.kaustinen.fi\/index.php?rest_route=%2Fwp%2Fv2%2Ftags&post=22369"}],"curies":[{"name":"wp","href":"https:\/\/api.w.org\/{rel}","templated":true}]}}