{"id":22375,"date":"2012-10-30T22:16:31","date_gmt":"2012-10-30T20:16:31","guid":{"rendered":"http:\/\/veikot.kaustinen.fi\/2012\/10\/30\/piirileiritykseen-kaksi-urheilijaa\/"},"modified":"2012-10-30T22:16:31","modified_gmt":"2012-10-30T20:16:31","slug":"piirileiritykseen-kaksi-urheilijaa","status":"publish","type":"post","link":"https:\/\/veikot2.kaustinen.fi\/?p=22375","title":{"rendered":"Piirileiritykseen kaksi urheilijaa"},"content":{"rendered":"<p>Etel\u00e4-Pohjanmaan ja Keski-Pohjanmaan nuorten piirileiritykseen 2012-2013 on Kaustisen Pohjan-Veikoista valittu seuraavat urheilijat:<\/p>\n<p>Kest\u00e4vyysjuoksijoiden ryhm\u00e4: Nuppu Peltoniemi.<br \/>Ottelijoiden ryhm\u00e4: Eemil Ali-Haapala.<\/p>\n","protected":false},"excerpt":{"rendered":"<p>Etel\u00e4-Pohjanmaan ja Keski-Pohjanmaan nuorten piirileiritykseen 2012-2013 on Kaustisen Pohjan-Veikoista valittu seuraavat urheilijat: Kest\u00e4vyysjuoksijoiden ryhm\u00e4: Nuppu Peltoniemi.Ottelijoiden ryhm\u00e4: Eemil Ali-Haapala.<\/p>\n","protected":false},"author":19,"featured_media":0,"comment_status":"open","ping_status":"open","sticky":false,"template":"","format":"standard","meta":{"footnotes":""},"categories":[1],"tags":[],"class_list":["post-22375","post","type-post","status-publish","format-standard","hentry","category-yleinen"],"_links":{"self":[{"href":"https:\/\/veikot2.kaustinen.fi\/index.php?rest_route=\/wp\/v2\/posts\/22375","targetHints":{"allow":["GET"]}}],"collection":[{"href":"https:\/\/veikot2.kaustinen.fi\/index.php?rest_route=\/wp\/v2\/posts"}],"about":[{"href":"https:\/\/veikot2.kaustinen.fi\/index.php?rest_route=\/wp\/v2\/types\/post"}],"author":[{"embeddable":true,"href":"https:\/\/veikot2.kaustinen.fi\/index.php?rest_route=\/wp\/v2\/users\/19"}],"replies":[{"embeddable":true,"href":"https:\/\/veikot2.kaustinen.fi\/index.php?rest_route=%2Fwp%2Fv2%2Fcomments&post=22375"}],"version-history":[{"count":0,"href":"https:\/\/veikot2.kaustinen.fi\/index.php?rest_route=\/wp\/v2\/posts\/22375\/revisions"}],"wp:attachment":[{"href":"https:\/\/veikot2.kaustinen.fi\/index.php?rest_route=%2Fwp%2Fv2%2Fmedia&parent=22375"}],"wp:term":[{"taxonomy":"category","embeddable":true,"href":"https:\/\/veikot2.kaustinen.fi\/index.php?rest_route=%2Fwp%2Fv2%2Fcategories&post=22375"},{"taxonomy":"post_tag","embeddable":true,"href":"https:\/\/veikot2.kaustinen.fi\/index.php?rest_route=%2Fwp%2Fv2%2Ftags&post=22375"}],"curies":[{"name":"wp","href":"https:\/\/api.w.org\/{rel}","templated":true}]}}