{"id":22380,"date":"2012-10-30T22:08:40","date_gmt":"2012-10-30T20:08:40","guid":{"rendered":"http:\/\/veikot.kaustinen.fi\/2012\/10\/30\/penttila-ja-lehto-maajoukkueryhmaan\/"},"modified":"2012-10-30T22:08:40","modified_gmt":"2012-10-30T20:08:40","slug":"penttila-ja-lehto-maajoukkueryhmaan","status":"publish","type":"post","link":"https:\/\/veikot2.kaustinen.fi\/?p=22380","title":{"rendered":"Penttil\u00e4 ja Lehto maajoukkueryhm\u00e4\u00e4n"},"content":{"rendered":"<p>Kaustisen Pohjan-Veikkojen Jenni Penttil\u00e4 ja Jesse Lehto on valittu Suomen Urheiluliiton nuorten 2013 maajoukkueryhm\u00e4\u00e4n. <\/p>\n<p>Molempien heitt\u00e4jien valmentajana toimii Eero Yli-Soini. <\/p>\n","protected":false},"excerpt":{"rendered":"<p>Kaustisen Pohjan-Veikkojen Jenni Penttil\u00e4 ja Jesse Lehto on valittu Suomen Urheiluliiton nuorten 2013 maajoukkueryhm\u00e4\u00e4n. Molempien heitt\u00e4jien valmentajana toimii Eero Yli-Soini.<\/p>\n","protected":false},"author":19,"featured_media":0,"comment_status":"open","ping_status":"open","sticky":false,"template":"","format":"standard","meta":{"footnotes":""},"categories":[1],"tags":[],"class_list":["post-22380","post","type-post","status-publish","format-standard","hentry","category-yleinen"],"_links":{"self":[{"href":"https:\/\/veikot2.kaustinen.fi\/index.php?rest_route=\/wp\/v2\/posts\/22380","targetHints":{"allow":["GET"]}}],"collection":[{"href":"https:\/\/veikot2.kaustinen.fi\/index.php?rest_route=\/wp\/v2\/posts"}],"about":[{"href":"https:\/\/veikot2.kaustinen.fi\/index.php?rest_route=\/wp\/v2\/types\/post"}],"author":[{"embeddable":true,"href":"https:\/\/veikot2.kaustinen.fi\/index.php?rest_route=\/wp\/v2\/users\/19"}],"replies":[{"embeddable":true,"href":"https:\/\/veikot2.kaustinen.fi\/index.php?rest_route=%2Fwp%2Fv2%2Fcomments&post=22380"}],"version-history":[{"count":0,"href":"https:\/\/veikot2.kaustinen.fi\/index.php?rest_route=\/wp\/v2\/posts\/22380\/revisions"}],"wp:attachment":[{"href":"https:\/\/veikot2.kaustinen.fi\/index.php?rest_route=%2Fwp%2Fv2%2Fmedia&parent=22380"}],"wp:term":[{"taxonomy":"category","embeddable":true,"href":"https:\/\/veikot2.kaustinen.fi\/index.php?rest_route=%2Fwp%2Fv2%2Fcategories&post=22380"},{"taxonomy":"post_tag","embeddable":true,"href":"https:\/\/veikot2.kaustinen.fi\/index.php?rest_route=%2Fwp%2Fv2%2Ftags&post=22380"}],"curies":[{"name":"wp","href":"https:\/\/api.w.org\/{rel}","templated":true}]}}